{"id":2115,"date":"2017-04-03T23:31:12","date_gmt":"2017-04-04T02:31:12","guid":{"rendered":"https:\/\/jardimdasamoras.com.br\/amoras\/?p=2115"},"modified":"2023-08-11T00:36:24","modified_gmt":"2023-08-11T03:36:24","slug":"a-crianca-de-4-anos","status":"publish","type":"post","link":"https:\/\/jardimdasamoras.com.br\/amoras\/links\/blog\/a-crianca-de-4-anos\/","title":{"rendered":"A crian\u00e7a de 4 anos"},"content":{"rendered":"<p>O quarto ano \u00e9 o in\u00edcio do indiv\u00edduo na sociedade. A crian\u00e7a nesta idade gosta de estar com os amiguinhos da mesma idade. Escolhe os seus amigos e, na maioria das vezes tem um preferido e brinca melhor com este do que com os demais.<\/p>\n<p>Suas brincadeiras j\u00e1 adquirem sentido social e representativo: m\u00e9dico, casinha, escola, supermercado. Imitam com exatid\u00e3o, assumem pap\u00e9is: m\u00e3e, pai, filhinho, vendedor, bandido, etc. Tem melhor controle e sabem resolver uma situa\u00e7\u00e3o sozinhos. Pedem desculpas e com licen\u00e7a. J\u00e1 tem no\u00e7\u00e3o que se pode comprar com dinheiro e fazem dinheiro de papel ou folhas \u2013 brincam de venda, etc.<\/p>\n<p>O anivers\u00e1rio \u00e9\u00a0 muito importante e falam disso com anteced\u00eancia. O Natal tamb\u00e9m, e escolhem o pedido para o Papai Noel.<\/p>\n<p>As proibi\u00e7\u00f5es s\u00e3o mais aceitas.<\/p>\n<p>Nesta idade tem mais dificuldade em acordar, querem vestir-se sozinhos, querem escolher suas roupas. Sabe distinguir frente das costas e abotoa-se corretamente; j\u00e1 tenta dar la\u00e7os.<\/p>\n<p>O sono da tarde vai diminuindo, mas \u00e9 saud\u00e1vel que se mantenha at\u00e9 \u00e0s 15hs um per\u00edodo de descanso para repousar. N\u00e3o conv\u00e9m habituar a crian\u00e7a nessa idade ao uso da TV ou aparelho de som.<\/p>\n<p>Na higiene participam que v\u00e3o ao banheiro. Interrompem a refei\u00e7\u00e3o. Agora j\u00e1 se limpam sozinhos. N\u00e3o gostam de companhia no banheiro e fecham a porta; mas gostam de ver as outras crian\u00e7as no banheiro. Se acontecer de n\u00e3o conseguirem controlar a urina ficam chateados e choram. Tomam banho sozinhas e at\u00e9 podem enxugar-se.<\/p>\n<p>Nesta idade engordam mais do que crescem.<\/p>\n<p>S\u00e3o muito comuns nessa idade febres e amidalites.<\/p>\n<p>No brincar, mais de tr\u00eas vira briga. Reparte os brinquedos com os amigos mas n\u00e3o com estranhos. Gostam de imitar as atividades dom\u00e9sticas como varrer, lavar, dobrar e passar panos.<\/p>\n<p>As meninas gostam de bonecas, de vesti-las, dar banho, pentear, passear com o carrinho. S\u00e3o calmas, silenciosas, escolhem os cantos para n\u00e3o serem incomodadas. Adoram o balan\u00e7o e j\u00e1 sabem balan\u00e7ar-se sozinhas.<\/p>\n<p>Os meninos gostam de correr, descobrem o balan\u00e7o &#8211; mas custam a se embalar sozinhos &#8211; o escorregador, a gangorra. Se apropriam em bando dos brinquedos. Gostam de cavalinhos, de capas, de fazer cabanas.<\/p>\n<p>Meninos e meninas brincam juntos e assumem pap\u00e9is.<\/p>\n<p>Gostam de desenhar, de ver livros e de todas as atividades dirigidas pelo adulto. \u00c9 uma idade harm\u00f4nica. Respeitam o adulto e querem agradar. D\u00e3o flores e presentinhos.<\/p>\n<p>Na mesa comem e falam ao mesmo tempo. Tem bom apetite, repetem e querem um pouco da merenda do vizinho. Tem postura e vigiam os outros, mas no meio ficam irrequietos, se levantam ou se mexem na cadeira, batem os p\u00e9s no ch\u00e3o. Agradecem o lanche sem seriedade. Esperam os outros para pedir com licen\u00e7a e sair. Tem prazer em dividir o lanche, mas escolhem para quem v\u00e3o dar.<\/p>\n<p>Descobrem o sexo, brincam de m\u00e9dico.<\/p>\n<p>\u00c0s vezes contam alguma coisa que aconteceu na escola, falam de um amiguinho, lembram-se dos nomes e do que fez durante o dia.<\/p>\n<p>Idade da fantasia. Imita\u00e7\u00e3o direcionada.<\/p>\n<p>\u00c9 capaz de compreender o outro. Se bate em algu\u00e9m chora junto; arrepende-se, pede desculpas.<\/p>\n<p>A linguagem deve ter alcan\u00e7ado sua forma correta.<\/p>\n<p>Desenho: saem do c\u00edrculo e dos rabiscos. Controlam a m\u00e3o e escolhem as cores.<\/p>\n<p>\u00c9 a fase do quadrado. Surge a figura humana com cabe\u00e7a e membros como fios.<\/p>\n<p>O desenho n\u00e3o tem muita harmonia; \u00e9 sem coer\u00eancia.<\/p>\n<p><a href=\"http:\/\/jardim.localtextos-pedagogicos\">&lt;Retornar<\/a><\/p>\n","protected":false},"excerpt":{"rendered":"<p>O quarto ano \u00e9 o in\u00edcio do indiv\u00edduo na sociedade. A crian\u00e7a nesta idade gosta de estar com os amiguinhos da mesma idade. Escolhe os seus amigos e, na maioria das vezes tem um preferido e brinca melhor com este do que com os demais. Suas brincadeiras j\u00e1 adquirem sentido social e representativo: m\u00e9dico, casinha, [&hellip;]<\/p>\n","protected":false},"author":2,"featured_media":2104,"comment_status":"closed","ping_status":"open","sticky":false,"template":"","format":"standard","meta":{"site-sidebar-layout":"default","site-content-layout":"default","ast-site-content-layout":"default","site-content-style":"default","site-sidebar-style":"default","ast-global-header-display":"","ast-banner-title-visibility":"","ast-main-header-display":"","ast-hfb-above-header-display":"","ast-hfb-below-header-display":"","ast-hfb-mobile-header-display":"","site-post-title":"","ast-breadcrumbs-content":"","ast-featured-img":"","footer-sml-layout":"","ast-disable-related-posts":"","theme-transparent-header-meta":"default","adv-header-id-meta":"","stick-header-meta":"","header-above-stick-meta":"","header-main-stick-meta":"","header-below-stick-meta":"","astra-migrate-meta-layouts":"default","ast-page-background-enabled":"default","ast-page-background-meta":{"desktop":{"background-color":"var(--ast-global-color-4)","background-image":"","background-repeat":"repeat","background-position":"center center","background-size":"auto","background-attachment":"scroll","background-type":"","background-media":"","overlay-type":"","overlay-color":"","overlay-opacity":"","overlay-gradient":""},"tablet":{"background-color":"","background-image":"","background-repeat":"repeat","background-position":"center center","background-size":"auto","background-attachment":"scroll","background-type":"","background-media":"","overlay-type":"","overlay-color":"","overlay-opacity":"","overlay-gradient":""},"mobile":{"background-color":"","background-image":"","background-repeat":"repeat","background-position":"center center","background-size":"auto","background-attachment":"scroll","background-type":"","background-media":"","overlay-type":"","overlay-color":"","overlay-opacity":"","overlay-gradient":""}},"ast-content-background-meta":{"desktop":{"background-color":"var(--ast-global-color-5)","background-image":"","background-repeat":"repeat","background-position":"center center","background-size":"auto","background-attachment":"scroll","background-type":"","background-media":"","overlay-type":"","overlay-color":"","overlay-opacity":"","overlay-gradient":""},"tablet":{"background-color":"var(--ast-global-color-5)","background-image":"","background-repeat":"repeat","background-position":"center center","background-size":"auto","background-attachment":"scroll","background-type":"","background-media":"","overlay-type":"","overlay-color":"","overlay-opacity":"","overlay-gradient":""},"mobile":{"background-color":"var(--ast-global-color-5)","background-image":"","background-repeat":"repeat","background-position":"center center","background-size":"auto","background-attachment":"scroll","background-type":"","background-media":"","overlay-type":"","overlay-color":"","overlay-opacity":"","overlay-gradient":""}},"footnotes":""},"categories":[5,12],"tags":[],"class_list":["post-2115","post","type-post","status-publish","format-standard","has-post-thumbnail","hentry","category-blog","category-textos-pedagogicos"],"_links":{"self":[{"href":"https:\/\/jardimdasamoras.com.br\/amoras\/wp-json\/wp\/v2\/posts\/2115","targetHints":{"allow":["GET"]}}],"collection":[{"href":"https:\/\/jardimdasamoras.com.br\/amoras\/wp-json\/wp\/v2\/posts"}],"about":[{"href":"https:\/\/jardimdasamoras.com.br\/amoras\/wp-json\/wp\/v2\/types\/post"}],"author":[{"embeddable":true,"href":"https:\/\/jardimdasamoras.com.br\/amoras\/wp-json\/wp\/v2\/users\/2"}],"replies":[{"embeddable":true,"href":"https:\/\/jardimdasamoras.com.br\/amoras\/wp-json\/wp\/v2\/comments?post=2115"}],"version-history":[{"count":0,"href":"https:\/\/jardimdasamoras.com.br\/amoras\/wp-json\/wp\/v2\/posts\/2115\/revisions"}],"wp:featuredmedia":[{"embeddable":true,"href":"https:\/\/jardimdasamoras.com.br\/amoras\/wp-json\/wp\/v2\/media\/2104"}],"wp:attachment":[{"href":"https:\/\/jardimdasamoras.com.br\/amoras\/wp-json\/wp\/v2\/media?parent=2115"}],"wp:term":[{"taxonomy":"category","embeddable":true,"href":"https:\/\/jardimdasamoras.com.br\/amoras\/wp-json\/wp\/v2\/categories?post=2115"},{"taxonomy":"post_tag","embeddable":true,"href":"https:\/\/jardimdasamoras.com.br\/amoras\/wp-json\/wp\/v2\/tags?post=2115"}],"curies":[{"name":"wp","href":"https:\/\/api.w.org\/{rel}","templated":true}]}}