{"id":2130,"date":"2017-05-31T23:34:04","date_gmt":"2017-06-01T02:34:04","guid":{"rendered":"https:\/\/jardimdasamoras.com.br\/amoras\/?p=2130"},"modified":"2023-08-11T00:36:24","modified_gmt":"2023-08-11T03:36:24","slug":"a-importancia-dos-contos-de-fadas-no-jardim-de-infancia","status":"publish","type":"post","link":"https:\/\/jardimdasamoras.com.br\/amoras\/links\/blog\/a-importancia-dos-contos-de-fadas-no-jardim-de-infancia\/","title":{"rendered":"A import\u00e2ncia dos Contos de Fadas no jardim de inf\u00e2ncia"},"content":{"rendered":"<p><em>Maria Chantal Amarante<\/em><\/p>\n<p>\u201cSe voc\u00ea quer que o seu filho seja brilhante conte a ele contos de fadas, se voc\u00ea o quer muito brilhante conte-lhe ainda mais contos de fadas. \u201d Albert Einstein<\/p>\n<p>Os contos de fadas s\u00e3o fundamentais para as crian\u00e7as. S\u00e3o tamb\u00e9m muito bons para os adultos.<\/p>\n<p>Por que os contos s\u00e3o importantes para as crian\u00e7as? N\u00e3o seria importante ler livros, para que a crian\u00e7a veja a import\u00e2ncia deles? Por que utilizar contos de fadas? Como que fica a \u201cviol\u00eancia\u201d nos contos de fadas?<\/p>\n<p>A alma humana tem necessidade do alimento que vem dos contos de fadas, assim como o corpo f\u00edsico precisa de alimento.<\/p>\n<p>Os contos trazem imagens que atuam no interior da alma, s\u00e3o eventos e desafios que devem ser enfrentados e superados. S\u00e3o elementos que trazem o que \u00e9 bom e o que \u00e9 ruim na vida do Ser Humano.<\/p>\n<p>Na quest\u00e3o da viol\u00eancia e do mal, s\u00e3o realidades que as crian\u00e7as, e todos n\u00f3s, nos deparamos como m\u00e1s experi\u00eancias de vida. Atrav\u00e9s do conto podemos ter for\u00e7as para superar essas experi\u00eancias de diversas formas. Assim damos \u00e0s crian\u00e7as a confian\u00e7a de que os desafios podem ser superados e que n\u00e3o somos impotentes. Os contos de fadas est\u00e3o cheios de imagens que ajudam a construir a personalidade. O fraco pode ser forte, o mal pode se transformar em bom, o feio pode se transformar em bonito, a Cinderela pode se tornar uma princesa e o sapo em um pr\u00edncipe. At\u00e9 as crian\u00e7as menores podem perceber isso e se alegrarem em futuras vit\u00f3rias. As crian\u00e7as trazem as imagens dos contos nas brincadeiras, nos desenhos, em suas diversas formas de express\u00e3o.<\/p>\n<p>Os contos deveriam ser contados oralmente. O calor e a aten\u00e7\u00e3o que colocamos quando contamos oralmente \u00e9 algo que nenhum livro ao ser lido pode trazer. As crian\u00e7as ouvem o conto e criam as imagens da forma que mais lhes conv\u00eam, de uma forma criativa que nenhuma ilustra\u00e7\u00e3o de livro poderia trazer. Ao decorarmos uma hist\u00f3ria, conseguiremos estar mais presentes contando de forma oral e envolvendo as crian\u00e7as com nosso olhar e gestos, conseguindo mais disciplina com o grupo. As crian\u00e7as percebem que a verdade, a beleza e a bondade prov\u00eam de pessoas e da vida. A narra\u00e7\u00e3o oral proporciona um contexto rico que depois levar\u00e1 a crian\u00e7a a ter interesse pelos livros. Pois atrav\u00e9s dos contos ela ter\u00e1 o prazer de ler pelo prazer de entrar nas imagens e no conhecimento que a l\u00edngua e a rima trazem.<\/p>\n<p>Devemos contar a mesma hist\u00f3ria por v\u00e1rios dias para a crian\u00e7a pequena conseguir entrar em todas as imagens, pois o seu processo de memorizar ainda est\u00e1 em constru\u00e7\u00e3o. Por isso repetimos a mesma hist\u00f3ria e contamos por mais dias, quanto menor for a crian\u00e7a.<\/p>\n<p>As imagens dos contos de fadas contam a hist\u00f3ria das pessoas, de todos os tempos e lugares. As imagens entram em contato com qualidades essenciais dentro da alma da crian\u00e7a. Contos de fadas s\u00e3o uma parte vital da educa\u00e7\u00e3o moral de uma crian\u00e7a.<\/p>\n<p>As perguntas essenciais que as crian\u00e7as trazem, podem ser respondidas atrav\u00e9s dos contos e suas imagens universais. A crian\u00e7a se preocupa se ser\u00e1 compreendida, se ela vai ser tratada justamente. Os contos de fadas oferecem respostas que aparecem para os adultos como fant\u00e1sticas, mas na realidade imaginativa da crian\u00e7a, essas imagens respondem as suas quest\u00f5es. Para os adultos essas imagens e respostas podem parecer incorretas. No entanto, as explica\u00e7\u00f5es que parecem corretas aos adultos, s\u00e3o em geral incompreens\u00edveis para as crian\u00e7as, porque lhes falta a compreens\u00e3o racional. A crian\u00e7a fica confusa com as explica\u00e7\u00f5es racionais dos adultos, ela se sente derrotada.<\/p>\n<p>N\u00e3o devemos interpretar os significados dos contos ou avali\u00e1-los, comentando com crian\u00e7as, moralizando a hist\u00f3rias. A efic\u00e1cia dos contos est\u00e1 em viv\u00ea-los t\u00e3o profundamente quanto poss\u00edvel. Devemos rejeitar a no\u00e7\u00e3o de que contos de fadas s\u00e3o apenas produtos da imagina\u00e7\u00e3o ou da fantasia. As imagens dos contos s\u00e3o t\u00e3o importantes, pois s\u00e3o imagens que trazem as ra\u00edzes da vida humana. Assim os contos de fadas n\u00e3o podem ser substitu\u00eddos por qualquer literatura infantil, por material did\u00e1tico ou contos populares. Essas outras hist\u00f3rias podem tamb\u00e9m ser trazidas, mas n\u00e3o substituir os contos. Os contos de fadas trazem uma verdade, reflexo da natureza vis\u00edvel e invis\u00edvel do ser Humano. Os contos s\u00e3o apropriados para as crian\u00e7as e para pessoas de todas as idades, pois trazem a sabedoria espiritual atrav\u00e9s de uma linguagem muito simples e profunda.<\/p>\n<p>Alguns pontos a considerar na prepara\u00e7\u00e3o dos contos\/hist\u00f3rias:<br \/>\n\u2022 Os educadores ou pais precisam estar familiarizados com a hist\u00f3ria, ler e se preparar antes de contar.<br \/>\n\u2022 Ao contar oralmente uma hist\u00f3ria, n\u00e3o podemos dramatiz\u00e1-las (mudar o tom de voz), para que a crian\u00e7a possa digeri-la sem o sentimento dos adultos, mas da forma que cada crian\u00e7a puder.<br \/>\n\u2022 Ao escolher um conto ou hist\u00f3ria, o contador deve ter uma boa liga\u00e7\u00e3o com a hist\u00f3ria, se tiver algum inc\u00f4modo, alguma imagem que lhe \u00e9 desconfort\u00e1vel, isso n\u00e3o vai ser bom para a crian\u00e7a. Escolha outra hist\u00f3ria.<br \/>\n\u2022 A escolha da vers\u00e3o ou tradu\u00e7\u00e3o \u00e9 muito importante, quanto mais aut\u00eantico os contos de fadas melhor. Os contos dos Irm\u00e3os Grimm s\u00e3o os melhores para as crian\u00e7as pequenas, at\u00e9 os 6 anos de idade. Os contos de Hans Christian Anderson s\u00e3o para as crian\u00e7as de 7 anos acima. Os contos folcl\u00f3ricos e f\u00e1bulas s\u00e3o para as crian\u00e7as de 8 anos acima.<br \/>\n\u2022 Para as crian\u00e7as maiores e mais acordadas, escolhemos contos maiores, com mais her\u00f3is e desafios.<br \/>\n\u2022 Para se preparar melhor, podemos ler um conto por v\u00e1rias noites, antes de dormir, como um alimento para o pr\u00f3prio adulto.<br \/>\n\u2022 Contar o conto com os seus detalhes, \u00e9 uma forma de atrair a aten\u00e7\u00e3o das crian\u00e7as com dificuldades de ouvir. Podemos depois de contar algumas vezes, fazer um teatro simples sobre a hist\u00f3ria com tocos, panos, bonecos. Uma forma de ter a aten\u00e7\u00e3o das crian\u00e7as, intercalar o contar e contar com teatro.<\/p>\n<p><strong>Contos de Fadas \u2013 Qual escolher? Algumas sugest\u00f5es:<\/strong><\/p>\n<p><strong>Crian\u00e7as de 1 e 2 anos de idade<\/strong>: Contos pequenos. Contos editados pela Karin Stasch. Adoram pequenas hist\u00f3rias de animais.<\/p>\n<p><strong>Crian\u00e7as de 3 \u00e0 4 anos de idade<\/strong>: Contar contos de fadas que tenham elementos repetitivos e uma hist\u00f3ria muito simples. Eles adoram hist\u00f3rias com animais:<br \/>\n\u2022 O mingau doce<br \/>\n\u2022 Piolhinho e a pulguinha<br \/>\n\u2022 A velha mulher e seu porco<br \/>\n\u2022 O gato e o rato em sociedade<br \/>\n\u2022 A pequena galinha vermelha<br \/>\n\u2022 O rato da cidade e o rato do campo<br \/>\n\u2022 As moedas ca\u00eddas do c\u00e9u<br \/>\n\u2022 A espiga de trigo<br \/>\n\u2022 Os 3 an\u00f5ezinhos do bosque<br \/>\n\u2022 A raposa e os gansos<\/p>\n<p><strong>Crian\u00e7as de 4 e 5 anos de idade<\/strong>:<br \/>\n\u2022 O lobo e os 7 cabritinhos<br \/>\n\u2022 Os 3 gansos<br \/>\n\u2022 Os 3 porquinhos<br \/>\n\u2022 Mashenka e o urso<br \/>\n\u2022 Os an\u00f5es<br \/>\n\u2022 Henrique pregui\u00e7oso<\/p>\n<p><strong>Crian\u00e7as de 5 e 6 anos de idade<\/strong>: Podemos contar contos mais longos e cheios de detalhes.<br \/>\n\u2022 O pr\u00edncipe Sapo<br \/>\n\u2022 Senhora Holle<br \/>\n\u2022 O ganso de ouro<br \/>\n\u2022 Chapeuzinho vermelho<br \/>\n\u2022 Os m\u00fasicos de Bremen<br \/>\n\u2022 A cabana da floresta<br \/>\n\u2022 A rainha das abelhas<br \/>\n\u2022 A princesa do castelo em chamas<br \/>\n\u2022 O burro<br \/>\n\u2022 Gato de bota<br \/>\n\u2022 Rumpelstilzinho<\/p>\n<p><strong>Crian\u00e7as de 7 a 9 anos de idade<\/strong>: Contos Universais, Lendas e F\u00e1bulas.<\/p>\n<p><strong>BIBLIOGRAFIA<\/strong>:<br \/>\n\u2022 A edi\u00e7\u00e3o completa dos Contos de Fadas dos Irm\u00e3os Grimm \u2013 Gr\u00e1fica e Editora Edigraf Ltda, S\u00e3o Paulo.<br \/>\n\u2022 Bettelhem, Bruno \u2013 \u201cAs utiliza\u00e7\u00f5es de Encantamento: O significado e import\u00e2ncia do contos de fadas\u201d.<br \/>\n\u2022 Steiner, Rudolf \u2013 \u201cContos de Fadas\u201d.<br \/>\n\u2022 Dhom, Christel \u2013 \u201cTurn down the Magical Fairy Tale Puppets\u201d.<br \/>\n\u2022 Mellon, Nancy \u2013 \u201cA Arte de Contar Hist\u00f3rias\u201d \u2013 Editora Rocco.<br \/>\n\u2022 Contos \u2013 Tradu\u00e7\u00e3o de Karins Stasch \u2013 karinstasch@gmail.com \u2013 Editora Antropos\u00f3fica.<\/p>\n","protected":false},"excerpt":{"rendered":"<p>Maria Chantal Amarante \u201cSe voc\u00ea quer que o seu filho seja brilhante conte a ele contos de fadas, se voc\u00ea o quer muito brilhante conte-lhe ainda mais contos de fadas. \u201d Albert Einstein Os contos de fadas s\u00e3o fundamentais para as crian\u00e7as. S\u00e3o tamb\u00e9m muito bons para os adultos. Por que os contos s\u00e3o importantes [&hellip;]<\/p>\n","protected":false},"author":2,"featured_media":2104,"comment_status":"closed","ping_status":"open","sticky":false,"template":"","format":"standard","meta":{"site-sidebar-layout":"default","site-content-layout":"default","ast-site-content-layout":"default","site-content-style":"default","site-sidebar-style":"default","ast-global-header-display":"","ast-banner-title-visibility":"","ast-main-header-display":"","ast-hfb-above-header-display":"","ast-hfb-below-header-display":"","ast-hfb-mobile-header-display":"","site-post-title":"","ast-breadcrumbs-content":"","ast-featured-img":"","footer-sml-layout":"","ast-disable-related-posts":"","theme-transparent-header-meta":"default","adv-header-id-meta":"","stick-header-meta":"","header-above-stick-meta":"","header-main-stick-meta":"","header-below-stick-meta":"","astra-migrate-meta-layouts":"default","ast-page-background-enabled":"default","ast-page-background-meta":{"desktop":{"background-color":"var(--ast-global-color-4)","background-image":"","background-repeat":"repeat","background-position":"center center","background-size":"auto","background-attachment":"scroll","background-type":"","background-media":"","overlay-type":"","overlay-color":"","overlay-opacity":"","overlay-gradient":""},"tablet":{"background-color":"","background-image":"","background-repeat":"repeat","background-position":"center center","background-size":"auto","background-attachment":"scroll","background-type":"","background-media":"","overlay-type":"","overlay-color":"","overlay-opacity":"","overlay-gradient":""},"mobile":{"background-color":"","background-image":"","background-repeat":"repeat","background-position":"center center","background-size":"auto","background-attachment":"scroll","background-type":"","background-media":"","overlay-type":"","overlay-color":"","overlay-opacity":"","overlay-gradient":""}},"ast-content-background-meta":{"desktop":{"background-color":"var(--ast-global-color-5)","background-image":"","background-repeat":"repeat","background-position":"center center","background-size":"auto","background-attachment":"scroll","background-type":"","background-media":"","overlay-type":"","overlay-color":"","overlay-opacity":"","overlay-gradient":""},"tablet":{"background-color":"var(--ast-global-color-5)","background-image":"","background-repeat":"repeat","background-position":"center center","background-size":"auto","background-attachment":"scroll","background-type":"","background-media":"","overlay-type":"","overlay-color":"","overlay-opacity":"","overlay-gradient":""},"mobile":{"background-color":"var(--ast-global-color-5)","background-image":"","background-repeat":"repeat","background-position":"center center","background-size":"auto","background-attachment":"scroll","background-type":"","background-media":"","overlay-type":"","overlay-color":"","overlay-opacity":"","overlay-gradient":""}},"footnotes":""},"categories":[5,12],"tags":[],"class_list":["post-2130","post","type-post","status-publish","format-standard","has-post-thumbnail","hentry","category-blog","category-textos-pedagogicos"],"_links":{"self":[{"href":"https:\/\/jardimdasamoras.com.br\/amoras\/wp-json\/wp\/v2\/posts\/2130","targetHints":{"allow":["GET"]}}],"collection":[{"href":"https:\/\/jardimdasamoras.com.br\/amoras\/wp-json\/wp\/v2\/posts"}],"about":[{"href":"https:\/\/jardimdasamoras.com.br\/amoras\/wp-json\/wp\/v2\/types\/post"}],"author":[{"embeddable":true,"href":"https:\/\/jardimdasamoras.com.br\/amoras\/wp-json\/wp\/v2\/users\/2"}],"replies":[{"embeddable":true,"href":"https:\/\/jardimdasamoras.com.br\/amoras\/wp-json\/wp\/v2\/comments?post=2130"}],"version-history":[{"count":0,"href":"https:\/\/jardimdasamoras.com.br\/amoras\/wp-json\/wp\/v2\/posts\/2130\/revisions"}],"wp:featuredmedia":[{"embeddable":true,"href":"https:\/\/jardimdasamoras.com.br\/amoras\/wp-json\/wp\/v2\/media\/2104"}],"wp:attachment":[{"href":"https:\/\/jardimdasamoras.com.br\/amoras\/wp-json\/wp\/v2\/media?parent=2130"}],"wp:term":[{"taxonomy":"category","embeddable":true,"href":"https:\/\/jardimdasamoras.com.br\/amoras\/wp-json\/wp\/v2\/categories?post=2130"},{"taxonomy":"post_tag","embeddable":true,"href":"https:\/\/jardimdasamoras.com.br\/amoras\/wp-json\/wp\/v2\/tags?post=2130"}],"curies":[{"name":"wp","href":"https:\/\/api.w.org\/{rel}","templated":true}]}}