{"id":2132,"date":"2017-05-31T23:34:31","date_gmt":"2017-06-01T02:34:31","guid":{"rendered":"https:\/\/jardimdasamoras.com.br\/amoras\/?p=2132"},"modified":"2023-08-11T00:36:24","modified_gmt":"2023-08-11T03:36:24","slug":"o-ambiente-onde-vive-a-crianca","status":"publish","type":"post","link":"https:\/\/jardimdasamoras.com.br\/amoras\/links\/blog\/o-ambiente-onde-vive-a-crianca\/","title":{"rendered":"O ambiente onde vive a crian\u00e7a"},"content":{"rendered":"<p>Patr\u00edcia Gimael e Selma Aguiar<br \/>\n<em>Inf\u00e2ncia Vivenciada<\/em><br \/>\nEd. Paulinas, 2013<br \/>\npp 37-39<\/p>\n<p><strong><em>O ambiente interno<\/em><\/strong><br \/>\nUm ambiente saud\u00e1vel \u00e9 muito importante para a crian\u00e7a pequena justamente por ela estar no \u00e2mbito da vontade. A vontade, sendo uma for\u00e7a inconsciente, traz a caracter\u00edstica de permitir que essa crian\u00e7a tenha uma fus\u00e3o com o ambiente e com as pessoas que a cercam. Ela est\u00e1 \u201centregue\u201d totalmente ao ambiente.<br \/>\nO aprendizado se d\u00e1, de forma inconsciente, atrav\u00e9s da imita\u00e7\u00e3o. Isso significa que a crian\u00e7a imita os adultos e o faz da forma mais profunda que se possa imaginar, captando cada nuance de seus gestos, seu tom de voz, e mais, sua forma de ver e atuar no mundo, sua moral e o pr\u00f3prio interesse que esse adulto tem por ela.<br \/>\nA crian\u00e7a apreende a ess\u00eancia das coisas, logo, n\u00e3o \u00e9 adequado o educador enfeitar a sala com flores artificiais, sendo que ela percebe a vida que anima as flores; ou colocar m\u00fasicas eletr\u00f4nicas, se ela n\u00e3o capta nelas a qualidade vital de quem canta ou toca os instrumentos; ou, ainda, oferecer um videogame, que oferece imagens que se movimentam muito na tela ou traz muita informa\u00e7\u00e3o, deixando essa crian\u00e7a agitada em raz\u00e3o de ela n\u00e3o ter ainda desenvolvido recursos para digerir essas informa\u00e7\u00f5es.<br \/>\nEnfim, coisas que n\u00e3o s\u00e3o vivas ou reais e que n\u00e3o lhe oferecem nenhuma qualidade ou at\u00e9 prejudicam seu desenvolvimento.<br \/>\nA crian\u00e7a quer e precisa ter viv\u00eancias reais e saud\u00e1veis.<br \/>\nOutro aspecto importante \u00e9 a entrada de sol no ambiente. As cores, conseguidas atrav\u00e9s de p\u00e1tinas suaves nas paredes, podem vivificar o ambiente; al\u00e9m disso, tecidos coloridos usados adequadamente podem estimular sua viv\u00eancia.<br \/>\nA madeira \u00e9 tamb\u00e9m um elemento da natureza que tem peso, desenho e tonalidades pr\u00f3prias, trazendo uma qualidade especial quando usada em brinquedos, m\u00f3veis, piso.<br \/>\nO ch\u00e3o de madeira evita as \u201cfriagens\u201d, o que n\u00e3o acontece com os pisos frios, que impossibilitam que a crian\u00e7a use uma pantufa ou fique descal\u00e7a brincando livremente.<br \/>\nO uso de quadros na parede, que possam trazer imagens que representem a beleza, que seja harmonioso e que estimule o senso est\u00e9tico, tamb\u00e9m \u00e9 recomend\u00e1vel.<em>\u00a0<\/em><\/p>\n<p><em>Claro e escuro <\/em><br \/>\nQuando anoitece, a crian\u00e7a deve ter a percep\u00e7\u00e3o da mudan\u00e7a de claridade. Tudo se lhe apresenta de forma diferente, conforme a claridade vai diminuindo: as cores v\u00e3o perdendo a intensidade e os objetos mostram sua sombra. Tudo ganha, ent\u00e3o, um qu\u00ea de mist\u00e9rio.<br \/>\nAbajur ou velas podem substituir as l\u00e2mpadas e tornar o ambiente mais aconchegante (caso n\u00e3o haja a necessidade de uma luz forte).<br \/>\nMudan\u00e7as fazem parte dos ritmos vivenciados pela crian\u00e7a, e isso \u00e9 muito importante para ela.<\/p>\n<p><strong><em>O ambiente externo <\/em><\/strong><br \/>\nCaso o ambiente externo seja muito vazio, a crian\u00e7a ter\u00e1 pouco est\u00edmulo. Se o piso for frio, ela n\u00e3o poder\u00e1 nem mesmo tirar os sapatos e sentir a irregularidade do ch\u00e3o (pedrinhas, eleva\u00e7\u00f5es etc.) e massagear seus pezinhos. Ao mesmo tempo em que um grosso solado de sapato a far\u00e1 sentir-se muito \u201cseparada\u201d e insens\u00edvel ao ch\u00e3o. A crian\u00e7a precisa \u201ctatear o mundo\u201d com os p\u00e9s.<br \/>\nQuanta \u00e9 a alegria da crian\u00e7a ao se aproximar de um ambiente que seja como um pequeno \u201cbosque\u201d: terra, \u00e1rvores para se dependurar. E, al\u00e9m do mais, essas \u00e1rvores atraem passarinhos, que gostam de cantar. Elas tamb\u00e9m geram sombras. E como \u00e9 bom brincar de casinha num dia quente \u00e0 sombra de uma \u00e1rvore.<br \/>\nTroncos ca\u00eddos, balan\u00e7os nas \u00e1rvores, cordas penduradas, tanque de areia com colheres de pau, carrinhos de madeira para puxar, baldinhos com \u00e1gua e, claro, os amiguinhos. Tudo isso criar\u00e1 um grande problema: as crian\u00e7as chegar\u00e3o em casa absolutamente sujas. Ufa! \u00c9 s\u00f3 isso? Acho que n\u00f3s adultos podemos lidar com esse probleminha, pois perceberemos que estar\u00e3o sujas, mas felizes. Al\u00e9m do que, estar\u00e3o sendo legitimamente crian\u00e7as.<br \/>\nOs educadores devem conscientizar os pais da necessidade do brincar livre e de como lidar com a quest\u00e3o da sujeira.<br \/>\nPular corda, correr, saltar, brincar no tanque de areia, andar sobre troncos, se dependurar na balan\u00e7a. \u00a0Isto \u00e9 ser crian\u00e7a de verdade.<\/p>\n<p><strong><em>O ambiente sonoro <\/em><\/strong><br \/>\nQuando o beb\u00ea vive em um ambiente silencioso, ele pode escutar com mais acuidade (perfei\u00e7\u00e3o) os sons emitidos.<br \/>\nA voz humana possui melodia e tonalidade, e a crian\u00e7a capta essas nuances antes mesmo de entender o que est\u00e1 sendo dito. H\u00e1 vozes que expressam aspereza, clareza, tranquilidade; manifestando diferentes formas de emo\u00e7\u00f5es e sentimentos.<br \/>\nO som do latido do cachorro, do farfalhar das folhas das \u00e1rvores, o cantar da m\u00e3e envolvem o beb\u00ea num ouvir ativo, desenvolvendo sua acuidade auditiva.<br \/>\nExistem ru\u00eddos mec\u00e2nicos que s\u00e3o evasivos, desnecess\u00e1rios e que estressam a crian\u00e7a, e dos quais ela n\u00e3o se pode libertar sem a interfer\u00eancia de um adulto. Esses sons podem embotar a audi\u00e7\u00e3o. Nossa vida na atualidade est\u00e1 cheia desses ru\u00eddos e barulhos.<br \/>\nMuitas vezes vemos um beb\u00ea ou crian\u00e7a pequena dormindo \u201ctranquilamente\u201d em ambientes muito barulhentos ou na sala, com a televis\u00e3o ligada. Esse dormir pode significar uma defesa, uma prote\u00e7\u00e3o contra tantos est\u00edmulos.<\/p>\n","protected":false},"excerpt":{"rendered":"<p>Patr\u00edcia Gimael e Selma Aguiar Inf\u00e2ncia Vivenciada Ed. Paulinas, 2013 pp 37-39 O ambiente interno Um ambiente saud\u00e1vel \u00e9 muito importante para a crian\u00e7a pequena justamente por ela estar no \u00e2mbito da vontade. A vontade, sendo uma for\u00e7a inconsciente, traz a caracter\u00edstica de permitir que essa crian\u00e7a tenha uma fus\u00e3o com o ambiente e com [&hellip;]<\/p>\n","protected":false},"author":2,"featured_media":2104,"comment_status":"closed","ping_status":"open","sticky":false,"template":"","format":"standard","meta":{"site-sidebar-layout":"default","site-content-layout":"default","ast-site-content-layout":"default","site-content-style":"default","site-sidebar-style":"default","ast-global-header-display":"","ast-banner-title-visibility":"","ast-main-header-display":"","ast-hfb-above-header-display":"","ast-hfb-below-header-display":"","ast-hfb-mobile-header-display":"","site-post-title":"","ast-breadcrumbs-content":"","ast-featured-img":"","footer-sml-layout":"","ast-disable-related-posts":"","theme-transparent-header-meta":"default","adv-header-id-meta":"","stick-header-meta":"","header-above-stick-meta":"","header-main-stick-meta":"","header-below-stick-meta":"","astra-migrate-meta-layouts":"default","ast-page-background-enabled":"default","ast-page-background-meta":{"desktop":{"background-color":"var(--ast-global-color-4)","background-image":"","background-repeat":"repeat","background-position":"center center","background-size":"auto","background-attachment":"scroll","background-type":"","background-media":"","overlay-type":"","overlay-color":"","overlay-opacity":"","overlay-gradient":""},"tablet":{"background-color":"","background-image":"","background-repeat":"repeat","background-position":"center center","background-size":"auto","background-attachment":"scroll","background-type":"","background-media":"","overlay-type":"","overlay-color":"","overlay-opacity":"","overlay-gradient":""},"mobile":{"background-color":"","background-image":"","background-repeat":"repeat","background-position":"center center","background-size":"auto","background-attachment":"scroll","background-type":"","background-media":"","overlay-type":"","overlay-color":"","overlay-opacity":"","overlay-gradient":""}},"ast-content-background-meta":{"desktop":{"background-color":"var(--ast-global-color-5)","background-image":"","background-repeat":"repeat","background-position":"center center","background-size":"auto","background-attachment":"scroll","background-type":"","background-media":"","overlay-type":"","overlay-color":"","overlay-opacity":"","overlay-gradient":""},"tablet":{"background-color":"var(--ast-global-color-5)","background-image":"","background-repeat":"repeat","background-position":"center center","background-size":"auto","background-attachment":"scroll","background-type":"","background-media":"","overlay-type":"","overlay-color":"","overlay-opacity":"","overlay-gradient":""},"mobile":{"background-color":"var(--ast-global-color-5)","background-image":"","background-repeat":"repeat","background-position":"center center","background-size":"auto","background-attachment":"scroll","background-type":"","background-media":"","overlay-type":"","overlay-color":"","overlay-opacity":"","overlay-gradient":""}},"footnotes":""},"categories":[5,12],"tags":[],"class_list":["post-2132","post","type-post","status-publish","format-standard","has-post-thumbnail","hentry","category-blog","category-textos-pedagogicos"],"_links":{"self":[{"href":"https:\/\/jardimdasamoras.com.br\/amoras\/wp-json\/wp\/v2\/posts\/2132","targetHints":{"allow":["GET"]}}],"collection":[{"href":"https:\/\/jardimdasamoras.com.br\/amoras\/wp-json\/wp\/v2\/posts"}],"about":[{"href":"https:\/\/jardimdasamoras.com.br\/amoras\/wp-json\/wp\/v2\/types\/post"}],"author":[{"embeddable":true,"href":"https:\/\/jardimdasamoras.com.br\/amoras\/wp-json\/wp\/v2\/users\/2"}],"replies":[{"embeddable":true,"href":"https:\/\/jardimdasamoras.com.br\/amoras\/wp-json\/wp\/v2\/comments?post=2132"}],"version-history":[{"count":0,"href":"https:\/\/jardimdasamoras.com.br\/amoras\/wp-json\/wp\/v2\/posts\/2132\/revisions"}],"wp:featuredmedia":[{"embeddable":true,"href":"https:\/\/jardimdasamoras.com.br\/amoras\/wp-json\/wp\/v2\/media\/2104"}],"wp:attachment":[{"href":"https:\/\/jardimdasamoras.com.br\/amoras\/wp-json\/wp\/v2\/media?parent=2132"}],"wp:term":[{"taxonomy":"category","embeddable":true,"href":"https:\/\/jardimdasamoras.com.br\/amoras\/wp-json\/wp\/v2\/categories?post=2132"},{"taxonomy":"post_tag","embeddable":true,"href":"https:\/\/jardimdasamoras.com.br\/amoras\/wp-json\/wp\/v2\/tags?post=2132"}],"curies":[{"name":"wp","href":"https:\/\/api.w.org\/{rel}","templated":true}]}}