{"id":2142,"date":"2019-02-13T23:36:53","date_gmt":"2019-02-14T02:36:53","guid":{"rendered":"https:\/\/jardimdasamoras.com.br\/amoras\/?p=2142"},"modified":"2023-11-13T08:34:20","modified_gmt":"2023-11-13T11:34:20","slug":"a-hora-de-dormir","status":"publish","type":"post","link":"https:\/\/jardimdasamoras.com.br\/amoras\/links\/blog\/a-hora-de-dormir\/","title":{"rendered":"A HORA DE DORMIR"},"content":{"rendered":"<p>A vida moderna n\u00e3o permite ter tempo, ao acordar os filhos as fam\u00edlias iniciam uma maratona de atividades em que as crian\u00e7as precisam acompanhar, onde os pais est\u00e3o sempre ocupados, as refei\u00e7\u00f5es s\u00e3o r\u00e1pidas, os encontros sociais regados de recursos tecnol\u00f3gicos e os dias nunca s\u00e3o iguais, a cada nascer do sol um novo mundo cheio de pressa come\u00e7a.<\/p>\n<p>\u00c9 preciso lembrar que os nossos pequenos acabaram de chegar, ainda n\u00e3o tem ritmo pr\u00f3prio, est\u00e3o aprendendo a viver neste mundo, est\u00e3o aprendendo a ser humano, aprendendo a respirar e a dormir.<\/p>\n<p>Nessa correria, \u00e9 claro que encontramos adultos e crian\u00e7as que sofrem com essa vida apressada e ansiosa onde dormir \u00e9 um desafio.<\/p>\n\n\n<figure class=\"wp-block-image aligncenter size-full\"><img fetchpriority=\"high\" decoding=\"async\" width=\"1014\" height=\"742\" src=\"https:\/\/jardimdasamoras.com.br\/amoras\/wp-content\/uploads\/2023\/11\/A-HORA-DE-DORMIR1.webp\" alt=\"\" class=\"wp-image-2280\" srcset=\"https:\/\/jardimdasamoras.com.br\/amoras\/wp-content\/uploads\/2023\/11\/A-HORA-DE-DORMIR1.webp 1014w, https:\/\/jardimdasamoras.com.br\/amoras\/wp-content\/uploads\/2023\/11\/A-HORA-DE-DORMIR1-300x220.webp 300w, https:\/\/jardimdasamoras.com.br\/amoras\/wp-content\/uploads\/2023\/11\/A-HORA-DE-DORMIR1-768x562.webp 768w\" sizes=\"(max-width: 1014px) 100vw, 1014px\" \/><\/figure>\n\n\n\n<p>Ent\u00e3o perguntamos, como ensinar nossos filhos a dormirem na vida moderna? Essa pergunta \u00e9 frequente nas reuni\u00f5es pedag\u00f3gicas, e ensinar a dormir \u00e9 uma tarefa dos pais e professores.<\/p>\n\n\n\n<p>A crian\u00e7a \u00e9 pura vontade e movimento. Na Pedagogia Waldorf, ensinar ritmo \u00e9 ajudar a crian\u00e7a a transitar entre momentos de expira\u00e7\u00e3o (expans\u00e3o) e inspira\u00e7\u00e3o (recolhimento).<\/p>\n\n\n\n<p>As atividades em casa devem seguir este ritmo de forma harmoniosa, e os pais devem observar os filhos para ajud\u00e1-los no transitar de um momento para o outro. O tempo em cada momento do ritmo depende da idade da crian\u00e7a.<\/p>\n\n\n\n<p>Para ajudar os pais a entenderem os momentos de expira\u00e7\u00e3o temos alguns exemplos de brincadeiras; de movimento ao ar-livre (ou ambiente interno, por\u00e9m amplo): corre-corre, balan\u00e7o, subir na \u00e1rvore, brincar na po\u00e7a de \u00e1gua, molhar o jardim, jogar bola, soltar pipa, andar de bicicleta, tanque de areia, passear na pra\u00e7a, dar uma volta no quarteir\u00e3o, etc.<\/p>\n\n\n\n<p>Na inspira\u00e7\u00e3o temos o brincar concentrado como: empilhar tronquinhos, nanar as bonecas, dirigir carrinhos de madeira, ajudar a varrer, preparar o alimento, comer, ouvir hist\u00f3ria, brincar de panelinha na areia. Dessa forma os pais devem pensar as atividades de casa, para cada per\u00edodo de inspira\u00e7\u00e3o a crian\u00e7a precisa de um per\u00edodo de expira\u00e7\u00e3o e assim se faz o ritmo.<\/p>\n\n\n\n<p>Para melhor elucidar, descrevemos a manh\u00e3 de uma crian\u00e7a onde a expans\u00e3o foi excessiva: a crian\u00e7a pequena brinca no parque, corre, pula corda, chuta bola, vai no balan\u00e7o e depois vai para o clube ou shopping. Passado um tempo, come\u00e7a alguns sintomas como choro, irritabilidade, brigas com os amiguinhos. E s\u00e3o sinais de que a expans\u00e3o foi longa demais, \u00e9 hora de oferecer aconchego.<\/p>\n\n\n\n<figure class=\"wp-block-image aligncenter size-full\"><img decoding=\"async\" width=\"933\" height=\"504\" src=\"https:\/\/jardimdasamoras.com.br\/amoras\/wp-content\/uploads\/2023\/11\/A-HORA-DE-DORMIR2.webp\" alt=\"\" class=\"wp-image-2281\" srcset=\"https:\/\/jardimdasamoras.com.br\/amoras\/wp-content\/uploads\/2023\/11\/A-HORA-DE-DORMIR2.webp 933w, https:\/\/jardimdasamoras.com.br\/amoras\/wp-content\/uploads\/2023\/11\/A-HORA-DE-DORMIR2-300x162.webp 300w, https:\/\/jardimdasamoras.com.br\/amoras\/wp-content\/uploads\/2023\/11\/A-HORA-DE-DORMIR2-768x415.webp 768w\" sizes=\"(max-width: 933px) 100vw, 933px\" \/><\/figure>\n\n\n\n<p>Exemplo na inspira\u00e7\u00e3o excessiva: a crian\u00e7a que ficou o dia todo dentro de casa, brincou com os brinquedinhos do quarto, ouviu hist\u00f3rias da mam\u00e3e, brincou de arrumar a casa e ajudou a fazer o almo\u00e7o, logo essa crian\u00e7a come\u00e7a a ficar com o humor ruim, solicitando os pais com frequ\u00eancia, chora, pede para ver televis\u00e3o e resmunga quando a m\u00e3e pede algo. S\u00e3o sintomas de que o tempo recolhido foi longo, hora de dar uma voltinha, caminhar at\u00e9 a pra\u00e7a.<\/p>\n\n\n\n<p>\u00c9 preciso saber dosar o tempo de recolhimento e expans\u00e3o e estar atento aos sintomas.<\/p>\n\n\n\n<p>Dormir \u00e9 recolhimento profundo, para chegar nele \u00e9 preciso que os pais entendam que, o sono fisiol\u00f3gico nas crian\u00e7as come\u00e7a com o p\u00f4r do sol, a falta de luz solar desencadeia processos neurol\u00f3gicos que sinalizam para o corpinho que \u201c\u00e9 hora de dormir\u201d. Nesta hora os pais j\u00e1 devem iniciar os rituais para o sono. \u00c9 importante que a crian\u00e7a esteja dormindo at\u00e9 \u00e0s 20 horas, para que seu sono seja revitalizante e seu organismo possa liberar horm\u00f4nios do crescimento e reorganizar seu sistema imunol\u00f3gico. (Per\u00edodo de 21 \u00e0s 03 da manh\u00e3). \u00c9 neste sono tamb\u00e9m que, segundo Rudolf Steiner, podemos visitar o mundo espiritual e lembrar nossa miss\u00e3o terrena.<\/p>\n\n\n\n<p><strong>O RITUAL<\/strong><\/p>\n\n\n\n<p>O brincar no final do dia deve ser recolhido (inspira\u00e7\u00e3o), a crian\u00e7a deve ajudar a preparar o jantar e arrumar a mesa. As comidinhas devem ser leves, nutritivas e quentinhas. Evitar alimentos que geram gases e de digest\u00e3o lenta. Ap\u00f3s a janta nada mais deve ser oferecido, pois pode acelerar o metabolismo e adiar a hora do sono, se a crian\u00e7a sentir necessidade sugerimos um chazinho ou um leitinho morno, lembrando que para algumas crian\u00e7as o leite pode ser indigesto.<\/p>\n\n\n\n<p>O banho \u00e9 uma tarefa de recolhimento que relaxa e aquece, ajuda se for antes de se deitar para dormir, algumas crian\u00e7as precisam ter os p\u00e9s e a barriguinha bem quentinhas para poder pegar no sono, os pais nesta hora tamb\u00e9m podem fazer uma massagem no corpinho dos filhos.<\/p>\n\n\n\n<p>O quarto deve estar escuro ou na penumbra, algumas crian\u00e7as preferem um pouco de luz, ent\u00e3o sugerimos que tenha um abajur com l\u00e2mpada azul.<\/p>\n\n\n\n<p>Os pais devem estar calmos, com a respira\u00e7\u00e3o e os pensamentos tranquilos, pois a crian\u00e7a \u00e9 pura imita\u00e7\u00e3o, se os pais est\u00e3o agitados com a cabe\u00e7a ocupada, a crian\u00e7a se agitar\u00e1.<\/p>\n\n\n\n<p>Uma crian\u00e7a acolhida, bem alimentada e quentinha, ao vivenciar o ritual escolhido aprender\u00e1 com o tempo a se acalmar e a adormecer sozinha.<\/p>\n\n\n\n<p><strong>SUGEST\u00d5ES <\/strong><strong><\/strong><\/p>\n\n\n\n<p>O ritual amoroso deve ser escolhido pelos pais, com suas qualidades e simpatias. Alguns pais gostam de cantar, outros contar hist\u00f3ria e ou somente uma ora\u00e7\u00e3o. O Ritual deve ser simples, quanto mais simples para os pais, melhor para a crian\u00e7a. O importante do ritual \u00e9 sua repeti\u00e7\u00e3o.<\/p>\n\n\n\n<p><strong>MELODIAS<\/strong><strong><\/strong><\/p>\n\n\n\n<p>Para os pais que gostam de melodias sugerimos este acalanto, uma can\u00e7\u00e3o adaptada de Vin\u00edcius de Morais e Paulo Tapaj\u00f3s, cantada por professoras na escola.<\/p>\n\n\n\n<div class=\"wp-block-columns is-layout-flex wp-container-core-columns-is-layout-28f84493 wp-block-columns-is-layout-flex\">\n<div class=\"wp-block-column is-layout-flow wp-block-column-is-layout-flow\" style=\"flex-basis:66.66%\">\n<figure class=\"wp-block-embed is-type-video is-provider-youtube wp-block-embed-youtube wp-embed-aspect-4-3 wp-has-aspect-ratio\"><div class=\"wp-block-embed__wrapper\">\n<iframe title=\"Can\u00e7\u00e3o da noite\" width=\"500\" height=\"375\" src=\"https:\/\/www.youtube.com\/embed\/dBPjqSwQdas?feature=oembed\" frameborder=\"0\" allow=\"accelerometer; autoplay; clipboard-write; encrypted-media; gyroscope; picture-in-picture; web-share\" referrerpolicy=\"strict-origin-when-cross-origin\" allowfullscreen><\/iframe>\n<\/div><figcaption class=\"wp-element-caption\"><strong>Can\u00e7\u00e3o da Noite<\/strong> (Vinicius de Morais e Paulo Tapaj\u00f3s)<\/figcaption><\/figure>\n<\/div>\n\n\n\n<div class=\"wp-block-column is-vertically-aligned-top is-layout-flow wp-block-column-is-layout-flow\" style=\"flex-basis:33.33%\">\n<p>Dorme<br>O meu anjo lindo<br>Vai sempre dormindo<br>Sob a luz do luar<br>Dorme<br>Dorme sem cuidado<br>Que eu estou ao seu lado<br>Velando por ti<br>Sonhar<br>Com as noites de lua<br>Minha alma \u00e9 s\u00f3 tua<br>E quem vela sou eu<br>Sonhar<br>Com as noites de lua<br>Minha alma \u00e9 s\u00f3 tua<br>E quem vela sou eu.<\/p>\n<\/div>\n<\/div>\n\n\n\n<div class=\"wp-block-columns is-layout-flex wp-container-core-columns-is-layout-28f84493 wp-block-columns-is-layout-flex\">\n<div class=\"wp-block-column is-layout-flow wp-block-column-is-layout-flow\" style=\"flex-basis:66.66%\">\n<figure class=\"wp-block-embed is-type-video is-provider-youtube wp-block-embed-youtube wp-embed-aspect-4-3 wp-has-aspect-ratio\"><div class=\"wp-block-embed__wrapper\">\n<iframe title=\"Encerramento da apresenta\u00e7\u00e3o de Euritmia do 2\u00ba ano - 2009 - Carrilh\u00e3o da Noite\" width=\"500\" height=\"375\" src=\"https:\/\/www.youtube.com\/embed\/i9e60U1VGbM?feature=oembed\" frameborder=\"0\" allow=\"accelerometer; autoplay; clipboard-write; encrypted-media; gyroscope; picture-in-picture; web-share\" referrerpolicy=\"strict-origin-when-cross-origin\" allowfullscreen><\/iframe>\n<\/div><figcaption class=\"wp-element-caption\">Carrilh\u00e3o da Noite (Ruth Salles)<\/figcaption><\/figure>\n<\/div>\n\n\n\n<div class=\"wp-block-column is-vertically-aligned-top is-layout-flow wp-block-column-is-layout-flow\" style=\"flex-basis:33.33%\">\n<p>Na noite calma, silenciosa<br>O nosso corpo vai descansar<br>Mas nossa alma, o anjo leva<br>O anjo leva a passear<br>E segue a volta misteriosa,<br>Misteriosa que o sol vai dar<br>Atr\u00e1s do bosque, atr\u00e1s da serra<br>Atr\u00e1s da terra, atr\u00e1s do mar<br>E nessa volta todas as flores<br>Ganham as cores que v\u00e3o mostrar<br>E os passarinhos tamb\u00e9m aprendem<br>Novas cantigas para cantar<br>E nessa volta a nossa alma<br>Recebe tudo o que Deus lhe d\u00e1<br>Fica mais leve, fica mais firme<br>No novo dia que vai chegar.<\/p>\n<\/div>\n<\/div>\n\n\n\n<p><strong>Hist\u00f3ria<\/strong><\/p>\n\n\n\n<p>Para os pais que gostam de uma boa hist\u00f3ria \u00e9 importante escolher o tema pela idade do filho. \u00c9 bom que seja uma hist\u00f3ria acolhedora e que traga sensa\u00e7\u00e3o de prote\u00e7\u00e3o.<\/p>\n\n\n\n<p>Ao contar, sugerimos que seja sem o apoio do livro, para que a crian\u00e7a possa viajar na sua imagina\u00e7\u00e3o sem receber figuras prontas.<\/p>\n\n\n\n<p>No Jardim das Amoras e no Ber\u00e7\u00e1rio Amorinhas, indicamos contos de fadas ou hist\u00f3rias referentes \u00e0s \u00e9pocas das festas crist\u00e3s. Os pais podem pesquisar contos no site <a href=\"https:\/\/www.festascristas.com.br\" target=\"_blank\" rel=\"noreferrer noopener\">Festas Crist\u00e3s<\/a>.<\/p>\n\n\n\n<p>Sugest\u00e3o de conto para crian\u00e7as pequenas:<\/p>\n\n\n\n<blockquote class=\"wp-block-quote is-layout-flow wp-block-quote-is-layout-flow\">\n<p><strong>O mingau doce<\/strong> (Irm\u00e3os Grimm)<br>Houve, uma vez, uma mo\u00e7a paup\u00e9rrima, embora muito piedosa, que vivia s\u00f3 com a m\u00e3e. Chegou um dia em que nada mais tinham para comer; ent\u00e3o a mo\u00e7a foi \u00e0 floresta em procura de alguma coisa e l\u00e1 encontrou uma velha que conhecia a sua situa\u00e7\u00e3o; muito penalizada, a velha deu-lhe uma panelinha que bastava dizer: &#8220;panelinha, faz mingau&#8221; e logo a panelinha preparava um mingau doce, de farinha, que era uma del\u00edcia; e bastava dizer; &#8220;chega, panelinha!&#8221; e ela parava de fazer mingau.<br>A mo\u00e7a correu para levar a panelinha \u00e0 m\u00e3e; desde, ent\u00e3o, ficaram livres da fome e da pen\u00faria, e elas comiam mingau doce sempre que queriam.<br>Um dia em que a mo\u00e7a tivera de sair, a m\u00e3e disse: &#8220;faz mingau, panelinha!&#8221; A panelinha p\u00f4s-se a fazer o delicioso mingau e a m\u00e3e comeu, comeu, at\u00e9 n\u00e3o poder mais. Agora queria mandar a panelinha parar, mas n\u00e3o sabia a palavra convencional. E a panelinha continuou fazendo mingau, o mingau foi aumentando, aumentando, e transbordou, e encheu a cozinha, e encheu toda a casa, e encheu a casa da vizinha, e a casa sucessiva, encheu a rua e tudo o mais, como se quisesse alimentar o mundo inteiro, e ningu\u00e9m sabia o que fazer para sair dessa entalada.<br>Faltava apenas encher uma \u00faltima casa quando, finalmente, chegou a mo\u00e7a que disse: &#8211; Chega, panelinha!<br>A panelinha logo parou de fazer mingau; mas quem quisesse ir \u00e0 cidade, tinha que abrir caminho comendo mingau.<\/p>\n<cite><strong>Ora\u00e7\u00e3o<\/strong> &#8211; A ora\u00e7\u00e3o pode ser a preferida dos pais ou o Pai Nosso.<br>Rudolf Steiner nos deixou um lindo verso para o primeiro set\u00eanio que tamb\u00e9m pode ser lido todas as noites.<br>\u00a0<br>Da cabe\u00e7a aos p\u00e9s<br>sou a imagem de Deus.<br>Do cora\u00e7\u00e3o \u00e0s m\u00e3os<br>sinto o h\u00e1lito de Deus.<br>Quando Deus eu avisto<br>em todas as partes,<br>no pai e na m\u00e3e,<br>em todas as pessoas queridas,<br>no animal e na flor,<br>na \u00e1rvore e na pedra,<br>n\u00e3o sinto medo de nada:<br>s\u00f3 amor<br>a tudo que est\u00e1 ao meu redor.<\/cite><\/blockquote>\n","protected":false},"excerpt":{"rendered":"<p>A vida moderna n\u00e3o permite ter tempo, ao acordar os filhos as fam\u00edlias iniciam uma maratona de atividades em que as crian\u00e7as precisam acompanhar, onde os pais est\u00e3o sempre ocupados, as refei\u00e7\u00f5es s\u00e3o r\u00e1pidas, os encontros sociais regados de recursos tecnol\u00f3gicos e os dias nunca s\u00e3o iguais, a cada nascer do sol um novo mundo [&hellip;]<\/p>\n","protected":false},"author":2,"featured_media":2281,"comment_status":"closed","ping_status":"open","sticky":false,"template":"","format":"standard","meta":{"site-sidebar-layout":"default","site-content-layout":"default","ast-site-content-layout":"default","site-content-style":"default","site-sidebar-style":"default","ast-global-header-display":"","ast-banner-title-visibility":"","ast-main-header-display":"","ast-hfb-above-header-display":"","ast-hfb-below-header-display":"","ast-hfb-mobile-header-display":"","site-post-title":"","ast-breadcrumbs-content":"","ast-featured-img":"","footer-sml-layout":"","ast-disable-related-posts":"","theme-transparent-header-meta":"default","adv-header-id-meta":"","stick-header-meta":"","header-above-stick-meta":"","header-main-stick-meta":"","header-below-stick-meta":"","astra-migrate-meta-layouts":"set","ast-page-background-enabled":"default","ast-page-background-meta":{"desktop":{"background-color":"var(--ast-global-color-4)","background-image":"","background-repeat":"repeat","background-position":"center center","background-size":"auto","background-attachment":"scroll","background-type":"","background-media":"","overlay-type":"","overlay-color":"","overlay-opacity":"","overlay-gradient":""},"tablet":{"background-color":"","background-image":"","background-repeat":"repeat","background-position":"center center","background-size":"auto","background-attachment":"scroll","background-type":"","background-media":"","overlay-type":"","overlay-color":"","overlay-opacity":"","overlay-gradient":""},"mobile":{"background-color":"","background-image":"","background-repeat":"repeat","background-position":"center center","background-size":"auto","background-attachment":"scroll","background-type":"","background-media":"","overlay-type":"","overlay-color":"","overlay-opacity":"","overlay-gradient":""}},"ast-content-background-meta":{"desktop":{"background-color":"var(--ast-global-color-5)","background-image":"","background-repeat":"repeat","background-position":"center center","background-size":"auto","background-attachment":"scroll","background-type":"","background-media":"","overlay-type":"","overlay-color":"","overlay-opacity":"","overlay-gradient":""},"tablet":{"background-color":"var(--ast-global-color-5)","background-image":"","background-repeat":"repeat","background-position":"center center","background-size":"auto","background-attachment":"scroll","background-type":"","background-media":"","overlay-type":"","overlay-color":"","overlay-opacity":"","overlay-gradient":""},"mobile":{"background-color":"var(--ast-global-color-5)","background-image":"","background-repeat":"repeat","background-position":"center center","background-size":"auto","background-attachment":"scroll","background-type":"","background-media":"","overlay-type":"","overlay-color":"","overlay-opacity":"","overlay-gradient":""}},"footnotes":""},"categories":[5,12],"tags":[],"class_list":["post-2142","post","type-post","status-publish","format-standard","has-post-thumbnail","hentry","category-blog","category-textos-pedagogicos"],"_links":{"self":[{"href":"https:\/\/jardimdasamoras.com.br\/amoras\/wp-json\/wp\/v2\/posts\/2142","targetHints":{"allow":["GET"]}}],"collection":[{"href":"https:\/\/jardimdasamoras.com.br\/amoras\/wp-json\/wp\/v2\/posts"}],"about":[{"href":"https:\/\/jardimdasamoras.com.br\/amoras\/wp-json\/wp\/v2\/types\/post"}],"author":[{"embeddable":true,"href":"https:\/\/jardimdasamoras.com.br\/amoras\/wp-json\/wp\/v2\/users\/2"}],"replies":[{"embeddable":true,"href":"https:\/\/jardimdasamoras.com.br\/amoras\/wp-json\/wp\/v2\/comments?post=2142"}],"version-history":[{"count":0,"href":"https:\/\/jardimdasamoras.com.br\/amoras\/wp-json\/wp\/v2\/posts\/2142\/revisions"}],"wp:featuredmedia":[{"embeddable":true,"href":"https:\/\/jardimdasamoras.com.br\/amoras\/wp-json\/wp\/v2\/media\/2281"}],"wp:attachment":[{"href":"https:\/\/jardimdasamoras.com.br\/amoras\/wp-json\/wp\/v2\/media?parent=2142"}],"wp:term":[{"taxonomy":"category","embeddable":true,"href":"https:\/\/jardimdasamoras.com.br\/amoras\/wp-json\/wp\/v2\/categories?post=2142"},{"taxonomy":"post_tag","embeddable":true,"href":"https:\/\/jardimdasamoras.com.br\/amoras\/wp-json\/wp\/v2\/tags?post=2142"}],"curies":[{"name":"wp","href":"https:\/\/api.w.org\/{rel}","templated":true}]}}