{"id":2146,"date":"2019-11-22T23:37:41","date_gmt":"2019-11-23T02:37:41","guid":{"rendered":"https:\/\/jardimdasamoras.com.br\/amoras\/?p=2146"},"modified":"2023-08-11T00:36:13","modified_gmt":"2023-08-11T03:36:13","slug":"riscos-para-as-criancas-no-uso-de-tablets-e-smartphones","status":"publish","type":"post","link":"https:\/\/jardimdasamoras.com.br\/amoras\/links\/blog\/riscos-para-as-criancas-no-uso-de-tablets-e-smartphones\/","title":{"rendered":"Riscos para as crian\u00e7as no uso de tablets e smartphones"},"content":{"rendered":"<p><em>T<\/em>e<em>xto de M\u00f4nica Matsumoto<br \/>\n21\/11\/2019<\/em><br \/>\n<a href=\"https:\/\/paraondeomundovai.blogosfera.uol.com.br\/2019\/11\/21\/novo-estudo-aponta-riscos-para-criancas-que-usam-smartphones-e-tablets\/\">texto original<\/a><\/p>\n<p>O uso de smartphones e tablets por crian\u00e7as tem sido ponto de d\u00favidas dos pais: deixo ou n\u00e3o meu filho usar a telinha? A partir de que idade? Por quanto tempo? E o conte\u00fado? S\u00e3o muitas d\u00favidas. E n\u00e3o h\u00e1 muitas respostas. Algumas evid\u00eancias, entretanto, apontam para o cuidado a essa exposi\u00e7\u00e3o.<\/p>\n<p>A crian\u00e7a em fase de desenvolvimento est\u00e1\u00a0treinando e modulando as conex\u00f5es do c\u00e9rebro. Como os neur\u00f4nios se conectam e quais est\u00edmulos s\u00e3o refor\u00e7ados depende muito da intera\u00e7\u00e3o da crian\u00e7a com o ambiente, a comunica\u00e7\u00e3o, o acolhimento emocional, entre outros fatores. A &#8220;fia\u00e7\u00e3o&#8221; ou estrutura do c\u00e9rebro \u00e9 formada principalmente nos primeiros anos de vida, e temos grande plasticidade ainda para fazer novas conex\u00f5es ao longo da vida,\u00a0mas ela vai se reduzindo com o tempo.<\/p>\n<p>&nbsp;<\/p>\n<p>Um novo estudo, dos pesquisadores americanos John S. Hutton, Jonathan Dudley, Tzipi Horowitz-Kraus e outros, publicado na revista\u00a0<a href=\"https:\/\/jamanetwork.com\/journals\/jamapediatrics\/article-abstract\/2754101\">JAMA<\/a>\u00a0Pediatrics\u00a0analisou o impacto da telinha em crian\u00e7as de\u00a0tr\u00eas a cinco anos de idade. O estudo foi feito com 47 indiv\u00edduos.<\/p>\n<p>O estudo associou a m\u00e9trica &#8220;<em>ScreenQ<\/em>&#8220;, baseada no que a associa\u00e7\u00e3o americana de pediatria (AAP) recomenda quanto a exposi\u00e7\u00e3o das crian\u00e7as\u00a0a telas como <em>smartphone<\/em>, TV e <em>tablets<\/em>, com exames espec\u00edficos de imagem de resson\u00e2ncia magn\u00e9tica, chamado de DTI (<em>Diffusion Tensor Imaging<\/em>), que evidencia a morfologia das fibras da subst\u00e2ncia branca do c\u00e9rebro.<\/p>\n<p>O score <em>ScreenQ<\/em> baseia-se nas\u00a0<a href=\"https:\/\/www.aap.org\/en-us\/about-the-aap\/aap-press-room\/news-features-and-safety-tips\/Pages\/Children-and-Media-Tips.aspx\">recomenda\u00e7\u00f5es da AAP<\/a>\u00a0que, por sua vez, se baseiam nos melhores estudos recentes e j\u00e1 validados. De acordo com\u00a0Perri Klass, uma pontua\u00e7\u00e3o zero equivale \u00e0 total ader\u00eancia a essas diretrizes \u2013 nenhuma tela no quarto, a crian\u00e7a n\u00e3o come\u00e7ou a assistir TV ou usar aplicativos at\u00e9 os 18 meses, nenhuma exposi\u00e7\u00e3o a conte\u00fado violento, tempo total de tela para crian\u00e7as em idade pr\u00e9-escolar de uma hora por dia de programa\u00e7\u00e3o de alta qualidade, tutela de visualiza\u00e7\u00e3o com os pais, entre outros.<\/p>\n<p>Uma pontua\u00e7\u00e3o 26 significa a n\u00e3o ades\u00e3o total \u00e0s recomenda\u00e7\u00f5es \u2013 a crian\u00e7a come\u00e7ou a usar a tela com menos de um ano de idade, tem telas no quarto, assiste a conte\u00fados violentos, muito mais tempo total de exposi\u00e7\u00e3o, sem tutela na visualiza\u00e7\u00e3o, entre outros.<\/p>\n<p>O exame de imagem DTI-MRI, por sua vez, mostra a orienta\u00e7\u00e3o dos tensores de difus\u00e3o das mol\u00e9culas de \u00e1gua. Melhor explicando, o DTI mostra a organiza\u00e7\u00e3o das fibras da subst\u00e2ncia branca do c\u00e9rebro, como elas est\u00e3o fundamentalmente conectadas. A partir destas imagens estruturais, os cientistas podem calcular a integridade da microestrutura do c\u00e9rebro e a mieliniza\u00e7\u00e3o do trato da subst\u00e2ncia branca.<\/p>\n<p>A conclus\u00e3o dos cientistas foi que h\u00e1 associa\u00e7\u00e3o do desenvolvimento estrutural das fibras com a exposi\u00e7\u00e3o\u00a0\u00e0 tela de smartphone e similares, ou seja, as fibras mostraram-se com morfologia distintas. Percebeu-se uma altera\u00e7\u00e3o principal em tr\u00eas regi\u00f5es que est\u00e3o associadas \u00e0s habilidades lingu\u00edsticas, habilidades de ler e escrever da crian\u00e7a em idade pr\u00e9-escolar, e regi\u00e3o associada a fun\u00e7\u00f5es executivas do c\u00e9rebro, com maior pontua\u00e7\u00e3o do ScoreQ. Essas conclus\u00f5es d\u00e3o evid\u00eancias cient\u00edficas do impacto na forma\u00e7\u00e3o neuronal, e corrobora com as diretrizes atuais.<\/p>\n<p>As diretrizes principais da Associa\u00e7\u00e3o Americana de Pediatras para o uso de m\u00eddias digitais s\u00e3o:<\/p>\n<ul>\n<li>Fa\u00e7a seu plano familiar de uso da m\u00eddia digital, cada fam\u00edlia tem seu estilo e valores;<\/li>\n<li>Trate a m\u00eddia digital como trataria qualquer outro ambiente na vida de seu filho;<\/li>\n<li>Estabele\u00e7a limites e incentive o tempo de brincadeiras;<\/li>\n<li>Tente tutelar o tempo da uso de equipamentos com tela para que a crian\u00e7a n\u00e3o esteja sozinha;<\/li>\n<li>Seja um bom modelo para seus filhos no uso de m\u00eddias digitais;<\/li>\n<li>Reconhe\u00e7a o valor da comunica\u00e7\u00e3o face a face. O aprendizado funciona melhor com comunica\u00e7\u00e3o de duas vias;<\/li>\n<li>Limite a m\u00eddia digital para as crian\u00e7as: evite m\u00eddia digital para crian\u00e7as menores de 18 a 24 meses que n\u00e3o seja o bate-papo por v\u00eddeo. Para crian\u00e7as de 18 a 24 meses, assista com elas, porque elas aprendem assistindo e conversando com voc\u00ea. Limite o tempo de uso da tela para crian\u00e7as em idade pr\u00e9-escolar, de\u00a0dois a cinco anos, a apenas uma hora por dia de programa\u00e7\u00e3o de alta qualidade. Novamente, assistir o programa com a crian\u00e7a \u00e9 melhor, pois elas aprendem quando s\u00e3o reensinadas no mundo real o que acabaram de aprender atrav\u00e9s de uma tela;<\/li>\n<li>Crie zonas sem tecnologia: mantenha as refei\u00e7\u00f5es da fam\u00edlia, outras reuni\u00f5es familiares e sociais e os quartos das crian\u00e7as livres das telinhas;<\/li>\n<li>N\u00e3o use a tecnologia como escape emocional;<\/li>\n<li>Entenda quais s\u00e3o os melhores aplicativos para crian\u00e7as \u2013 fa\u00e7a sua li\u00e7\u00e3o de casa;<\/li>\n<li>N\u00e3o h\u00e1 problema em seu filho adolescente estar online, faz parte da gera\u00e7\u00e3o digital e socializa\u00e7\u00e3o; e<\/li>\n<li>Deixe as crian\u00e7as atentas e avisadas sobre a import\u00e2ncia da privacidade e os perigos dos predadores online.<\/li>\n<\/ul>\n<p>Voc\u00ea pode ter mais informa\u00e7\u00f5es no site da\u00a0<a href=\"https:\/\/www.aap.org\/en-us\/about-the-aap\/aap-press-room\/news-features-and-safety-tips\/Pages\/Children-and-Media-Tips.aspx\">AAP<\/a>\u00a0(em ingl\u00eas).<\/p>\n<p>Resumindo, os pais tem que ficar atentos. Apesar de as novas tecnologias serem muito atraentes, nosso desenvolvimento como humanos n\u00e3o se adapta prontamente, ali\u00e1s tomamos milhares de anos para isso. N\u00e3o evolu\u00edmos da mesma forma que as novidades ao nosso redor, e h\u00e1 evid\u00eancias cient\u00edficas para isso.<\/p>\n<p>O estudo relatado acima mostra que a fia\u00e7\u00e3o neural fica mais confusa quando as crian\u00e7as pequenas s\u00e3o expostas \u00e0s telinhas de forma intensa, antes da idade preconizada, e com conte\u00fado sem qualidade, entre outros fatores. O impacto dessas altera\u00e7\u00f5es se mostrou justamente nas regi\u00f5es cerebrais associadas \u00e0s habilidades lingu\u00edsticas, habilidades de ler e escrever da crian\u00e7a em idade pr\u00e9-escolar, e regi\u00e3o associada a fun\u00e7\u00f5es executivas do c\u00e9rebro.<\/p>\n<p>Assim, os pais devem encarar as m\u00eddias digitais como mais um ambiente de desenvolvimento da crian\u00e7a, que requer supervisionamento, e at\u00e9 uma certa idade o melhor mesmo \u00e9 o afastamento.<\/p>\n<hr \/>\n<p>O <strong>Jardim das Amoras<\/strong> e o <strong>Ber\u00e7\u00e1rio Amorinhas<\/strong> t\u00eam nos seus princ\u00edpios b\u00e1sicos de educa\u00e7\u00e3o infantil o prop\u00f3sito de oferecer ambiente que incentive o contato da crian\u00e7a com o mundo real.\u00a0 Nosso objetivo \u00e9 oferecer uma escola de ensino infantil repleta de natureza e materiais naturais.\u00a0 Localizada em uma das mais nobres \u00e1reas de Campinas, o Jardim das Amoras \u00e9 um recanto preservado para as crian\u00e7as.<\/p>\n<p>&nbsp;<\/p>\n","protected":false},"excerpt":{"rendered":"<p>Texto de M\u00f4nica Matsumoto 21\/11\/2019 texto original O uso de smartphones e tablets por crian\u00e7as tem sido ponto de d\u00favidas dos pais: deixo ou n\u00e3o meu filho usar a telinha? A partir de que idade? Por quanto tempo? E o conte\u00fado? S\u00e3o muitas d\u00favidas. E n\u00e3o h\u00e1 muitas respostas. Algumas evid\u00eancias, entretanto, apontam para o [&hellip;]<\/p>\n","protected":false},"author":2,"featured_media":2104,"comment_status":"closed","ping_status":"open","sticky":false,"template":"","format":"standard","meta":{"site-sidebar-layout":"default","site-content-layout":"default","ast-site-content-layout":"default","site-content-style":"default","site-sidebar-style":"default","ast-global-header-display":"","ast-banner-title-visibility":"","ast-main-header-display":"","ast-hfb-above-header-display":"","ast-hfb-below-header-display":"","ast-hfb-mobile-header-display":"","site-post-title":"","ast-breadcrumbs-content":"","ast-featured-img":"","footer-sml-layout":"","ast-disable-related-posts":"","theme-transparent-header-meta":"default","adv-header-id-meta":"","stick-header-meta":"","header-above-stick-meta":"","header-main-stick-meta":"","header-below-stick-meta":"","astra-migrate-meta-layouts":"default","ast-page-background-enabled":"default","ast-page-background-meta":{"desktop":{"background-color":"var(--ast-global-color-4)","background-image":"","background-repeat":"repeat","background-position":"center center","background-size":"auto","background-attachment":"scroll","background-type":"","background-media":"","overlay-type":"","overlay-color":"","overlay-opacity":"","overlay-gradient":""},"tablet":{"background-color":"","background-image":"","background-repeat":"repeat","background-position":"center center","background-size":"auto","background-attachment":"scroll","background-type":"","background-media":"","overlay-type":"","overlay-color":"","overlay-opacity":"","overlay-gradient":""},"mobile":{"background-color":"","background-image":"","background-repeat":"repeat","background-position":"center center","background-size":"auto","background-attachment":"scroll","background-type":"","background-media":"","overlay-type":"","overlay-color":"","overlay-opacity":"","overlay-gradient":""}},"ast-content-background-meta":{"desktop":{"background-color":"var(--ast-global-color-5)","background-image":"","background-repeat":"repeat","background-position":"center center","background-size":"auto","background-attachment":"scroll","background-type":"","background-media":"","overlay-type":"","overlay-color":"","overlay-opacity":"","overlay-gradient":""},"tablet":{"background-color":"var(--ast-global-color-5)","background-image":"","background-repeat":"repeat","background-position":"center center","background-size":"auto","background-attachment":"scroll","background-type":"","background-media":"","overlay-type":"","overlay-color":"","overlay-opacity":"","overlay-gradient":""},"mobile":{"background-color":"var(--ast-global-color-5)","background-image":"","background-repeat":"repeat","background-position":"center center","background-size":"auto","background-attachment":"scroll","background-type":"","background-media":"","overlay-type":"","overlay-color":"","overlay-opacity":"","overlay-gradient":""}},"footnotes":""},"categories":[5,12],"tags":[],"class_list":["post-2146","post","type-post","status-publish","format-standard","has-post-thumbnail","hentry","category-blog","category-textos-pedagogicos"],"_links":{"self":[{"href":"https:\/\/jardimdasamoras.com.br\/amoras\/wp-json\/wp\/v2\/posts\/2146","targetHints":{"allow":["GET"]}}],"collection":[{"href":"https:\/\/jardimdasamoras.com.br\/amoras\/wp-json\/wp\/v2\/posts"}],"about":[{"href":"https:\/\/jardimdasamoras.com.br\/amoras\/wp-json\/wp\/v2\/types\/post"}],"author":[{"embeddable":true,"href":"https:\/\/jardimdasamoras.com.br\/amoras\/wp-json\/wp\/v2\/users\/2"}],"replies":[{"embeddable":true,"href":"https:\/\/jardimdasamoras.com.br\/amoras\/wp-json\/wp\/v2\/comments?post=2146"}],"version-history":[{"count":0,"href":"https:\/\/jardimdasamoras.com.br\/amoras\/wp-json\/wp\/v2\/posts\/2146\/revisions"}],"wp:featuredmedia":[{"embeddable":true,"href":"https:\/\/jardimdasamoras.com.br\/amoras\/wp-json\/wp\/v2\/media\/2104"}],"wp:attachment":[{"href":"https:\/\/jardimdasamoras.com.br\/amoras\/wp-json\/wp\/v2\/media?parent=2146"}],"wp:term":[{"taxonomy":"category","embeddable":true,"href":"https:\/\/jardimdasamoras.com.br\/amoras\/wp-json\/wp\/v2\/categories?post=2146"},{"taxonomy":"post_tag","embeddable":true,"href":"https:\/\/jardimdasamoras.com.br\/amoras\/wp-json\/wp\/v2\/tags?post=2146"}],"curies":[{"name":"wp","href":"https:\/\/api.w.org\/{rel}","templated":true}]}}