{"id":2148,"date":"2021-11-01T23:38:13","date_gmt":"2021-11-02T02:38:13","guid":{"rendered":"https:\/\/jardimdasamoras.com.br\/amoras\/?p=2148"},"modified":"2023-08-11T00:36:13","modified_gmt":"2023-08-11T03:36:13","slug":"natal-e-advento","status":"publish","type":"post","link":"https:\/\/jardimdasamoras.com.br\/amoras\/links\/blog\/natal-e-advento\/","title":{"rendered":"Natal e Advento"},"content":{"rendered":"<p>(\u00c9poca de recolhimento)<\/p>\n<p><em>\u266bVem a luz em divino sil\u00eancio, ilumina nosso lar,<br \/>\n<\/em><em>ilumina nossos cora\u00e7\u00f5es, um por um com carinho! \u266b<\/em><\/p>\n<p>No Jardim das Amoras, tentamos nos transportar \u00e0s origens espirituais do sentido mais profundo do Natal. E como podemos nos preparar para isso? Durante a \u00e9poca do Advento. Temos muitos rituais que nos ajudam a lembrar dessa for\u00e7a cr\u00edstica que nasce todo ano em n\u00f3s. A Coroa do Advento, a \u00c1rvore de Natal, a montagem do Pres\u00e9pio e o Calend\u00e1rio de Advento.<\/p>\n<p>O Advento \u00e9 a primeira \u00e9poca do caminho de autodesenvolvimento, de busca da nossa ess\u00eancia, do Eu superior, nascimento do Eu maior. \u00c9 a \u00e9poca de gesta\u00e7\u00e3o do novo ano.<\/p>\n<p>&nbsp;<\/p>\n<p>O ser humano precisa come\u00e7ar a silenciar interiormente, limpando seus pensamentos para ter compatibilidade com esta \u00e9poca. A primeira medida do advento \u00e9 esta limpeza (no nosso mental e tamb\u00e9m no f\u00edsico)! Temos quatro semanas para isso. Para acalmar a cabe\u00e7a \u00e9 preciso ativar as m\u00e3os com trabalhos manuais (cart\u00f5es, bolachas natalinas, estrelas para enfeitar com brilho dourado, pinhas com brilho dourado, etc). Ao fazer coisas desse tipo estou me preparando para o Natal e por consequ\u00eancia entrego de presente a amigos queridos. Lembrando que nada pode ser feito por obriga\u00e7\u00e3o. A magia precisa primeiro nascer em mim para depois eu ensinar algo a algu\u00e9m.<\/p>\n<p>O Advento come\u00e7a no quarto domingo antes do Natal. Existe uma tradi\u00e7\u00e3o antiga de come\u00e7ar a montar o <em>pres\u00e9pio<\/em> nesta data, sendo que durante essa primeira semana do advento, s\u00f3 aparecem elementos do reino mineral: pedras, areia, terra para depois plantar mudinhas, cristais, etc. A partir do segundo Domingo de advento ser\u00e3o usados elementos do reino vegetal: mudinhas, flores, a choupana de madeira e a palha por exemplo. No terceiro domingo chegam os animais: ovelhas, o boi no est\u00e1bulo, o burrinho l\u00e1 longe\u2026 E no quarto domingo at\u00e9 o Natal v\u00e3o aparecendo os humanos: os pastores, no caminho Jos\u00e9 e Maria, que todos os dias se acercam um pouquinho mais da manjedoura. O menino Jesus s\u00f3 nasce na Noite Santa.<\/p>\n<p>&nbsp;<\/p>\n<p>Com as crian\u00e7as tamb\u00e9m fazemos uma grande faxina na escola. Os vidros s\u00e3o limpos e enfeitados com transpar\u00eancias, a sala de aula \u00e9 cuidadosamente arrumada para a montagem do pres\u00e9pio.<\/p>\n<p>&nbsp;<\/p>\n<p>Com os pais, fazemos os calend\u00e1rios do advento para as crian\u00e7as esperarem e prepararem o Natal tamb\u00e9m em suas casas. O calend\u00e1rio \u00e9 feito para realizar uma contagem de forma que as crian\u00e7as entendam a chegada do Natal. A contagem \u00e9 realizada todos os dias conforme andamos de estrelinha em estrelinha at\u00e9 chegarmos no dia de Natal.<\/p>\n<p>&nbsp;<\/p>\n<p>No dia 06 de dezembro comemoramos S\u00e3o Nicolau. Presenteamos as crian\u00e7as com ma\u00e7\u00e3s, nozes e p\u00e3es de mel.<\/p>\n<p>Com essas viv\u00eancias a crian\u00e7a aprende que somos mensageiros de dois mundos. Compreende a forma\u00e7\u00e3o da nossa terra, por uma perspectiva da ci\u00eancia e tamb\u00e9m da espiritualidade.<\/p>\n<p>Se voc\u00ea quiser entender um pouquinho mais sobre o Natal e a \u00e9poca do Advento, clica no link abaixo para escutar nosso podcast sobre esse tema:<br \/>\n<a href=\"https:\/\/open.spotify.com\/episode\/3J7sPIVuXmNWaizvTyXZyl?si=39cdcd98e68c4d06\">https:\/\/open.spotify.com\/episode\/3J7sPIVuXmNWaizvTyXZyl?si=39cdcd98e68c4d06<\/a><\/p>\n","protected":false},"excerpt":{"rendered":"<p>(\u00c9poca de recolhimento) \u266bVem a luz em divino sil\u00eancio, ilumina nosso lar, ilumina nossos cora\u00e7\u00f5es, um por um com carinho! \u266b No Jardim das Amoras, tentamos nos transportar \u00e0s origens espirituais do sentido mais profundo do Natal. E como podemos nos preparar para isso? Durante a \u00e9poca do Advento. Temos muitos rituais que nos ajudam [&hellip;]<\/p>\n","protected":false},"author":2,"featured_media":2104,"comment_status":"closed","ping_status":"open","sticky":false,"template":"","format":"standard","meta":{"site-sidebar-layout":"default","site-content-layout":"default","ast-site-content-layout":"default","site-content-style":"default","site-sidebar-style":"default","ast-global-header-display":"","ast-banner-title-visibility":"","ast-main-header-display":"","ast-hfb-above-header-display":"","ast-hfb-below-header-display":"","ast-hfb-mobile-header-display":"","site-post-title":"","ast-breadcrumbs-content":"","ast-featured-img":"","footer-sml-layout":"","ast-disable-related-posts":"","theme-transparent-header-meta":"default","adv-header-id-meta":"","stick-header-meta":"","header-above-stick-meta":"","header-main-stick-meta":"","header-below-stick-meta":"","astra-migrate-meta-layouts":"default","ast-page-background-enabled":"default","ast-page-background-meta":{"desktop":{"background-color":"var(--ast-global-color-4)","background-image":"","background-repeat":"repeat","background-position":"center center","background-size":"auto","background-attachment":"scroll","background-type":"","background-media":"","overlay-type":"","overlay-color":"","overlay-opacity":"","overlay-gradient":""},"tablet":{"background-color":"","background-image":"","background-repeat":"repeat","background-position":"center center","background-size":"auto","background-attachment":"scroll","background-type":"","background-media":"","overlay-type":"","overlay-color":"","overlay-opacity":"","overlay-gradient":""},"mobile":{"background-color":"","background-image":"","background-repeat":"repeat","background-position":"center center","background-size":"auto","background-attachment":"scroll","background-type":"","background-media":"","overlay-type":"","overlay-color":"","overlay-opacity":"","overlay-gradient":""}},"ast-content-background-meta":{"desktop":{"background-color":"var(--ast-global-color-5)","background-image":"","background-repeat":"repeat","background-position":"center center","background-size":"auto","background-attachment":"scroll","background-type":"","background-media":"","overlay-type":"","overlay-color":"","overlay-opacity":"","overlay-gradient":""},"tablet":{"background-color":"var(--ast-global-color-5)","background-image":"","background-repeat":"repeat","background-position":"center center","background-size":"auto","background-attachment":"scroll","background-type":"","background-media":"","overlay-type":"","overlay-color":"","overlay-opacity":"","overlay-gradient":""},"mobile":{"background-color":"var(--ast-global-color-5)","background-image":"","background-repeat":"repeat","background-position":"center center","background-size":"auto","background-attachment":"scroll","background-type":"","background-media":"","overlay-type":"","overlay-color":"","overlay-opacity":"","overlay-gradient":""}},"footnotes":""},"categories":[5,13],"tags":[],"class_list":["post-2148","post","type-post","status-publish","format-standard","has-post-thumbnail","hentry","category-blog","category-epocas-do-ano"],"_links":{"self":[{"href":"https:\/\/jardimdasamoras.com.br\/amoras\/wp-json\/wp\/v2\/posts\/2148","targetHints":{"allow":["GET"]}}],"collection":[{"href":"https:\/\/jardimdasamoras.com.br\/amoras\/wp-json\/wp\/v2\/posts"}],"about":[{"href":"https:\/\/jardimdasamoras.com.br\/amoras\/wp-json\/wp\/v2\/types\/post"}],"author":[{"embeddable":true,"href":"https:\/\/jardimdasamoras.com.br\/amoras\/wp-json\/wp\/v2\/users\/2"}],"replies":[{"embeddable":true,"href":"https:\/\/jardimdasamoras.com.br\/amoras\/wp-json\/wp\/v2\/comments?post=2148"}],"version-history":[{"count":0,"href":"https:\/\/jardimdasamoras.com.br\/amoras\/wp-json\/wp\/v2\/posts\/2148\/revisions"}],"wp:featuredmedia":[{"embeddable":true,"href":"https:\/\/jardimdasamoras.com.br\/amoras\/wp-json\/wp\/v2\/media\/2104"}],"wp:attachment":[{"href":"https:\/\/jardimdasamoras.com.br\/amoras\/wp-json\/wp\/v2\/media?parent=2148"}],"wp:term":[{"taxonomy":"category","embeddable":true,"href":"https:\/\/jardimdasamoras.com.br\/amoras\/wp-json\/wp\/v2\/categories?post=2148"},{"taxonomy":"post_tag","embeddable":true,"href":"https:\/\/jardimdasamoras.com.br\/amoras\/wp-json\/wp\/v2\/tags?post=2148"}],"curies":[{"name":"wp","href":"https:\/\/api.w.org\/{rel}","templated":true}]}}