{"id":2150,"date":"2021-11-02T23:39:23","date_gmt":"2021-11-03T02:39:23","guid":{"rendered":"https:\/\/jardimdasamoras.com.br\/amoras\/?p=2150"},"modified":"2023-08-11T00:36:13","modified_gmt":"2023-08-11T03:36:13","slug":"sao-nicolau","status":"publish","type":"post","link":"https:\/\/jardimdasamoras.com.br\/amoras\/links\/blog\/sao-nicolau\/","title":{"rendered":"S\u00e3o Nicolau"},"content":{"rendered":"<p><em>\u201cQuando \u00e9 noite de dezembro,<\/em><em> noite de amor e carinho,<br \/>\n<\/em><em>As estrelas l\u00e1 do c\u00e9u, v\u00e3o tecendo um caminho!<br \/>\n<\/em><em>Nessa estrada luminosa, vem vindo S\u00e3o Nicolau!<br \/>\n<\/em><em>Trazendo pras criancinhas, biscoitos feitos de mel!\u201d <\/em><\/p>\n<p>\u201cSim, ele vem l\u00e1 do c\u00e9u, montado em um cavalo alado branco, de patas bem peludas! No caminho, a poeira das estrelas gruda em suas patas! E quando seus cascos tocam o ch\u00e3o da Terra, deixam um lindo rastro brilhante!<\/p>\n<p>Isso acontece apenas no dia <strong>6 de dezembro<\/strong><a href=\"x-apple-data-detectors:\/\/0\/\">,<\/a> quando S\u00e3o Nicolau traz algo muito especial \u00e0s crian\u00e7as. No entanto, ao longo do ano todo, encontramos uma ou outra estrelinha perdida em meio a areia de nosso parque&#8230;. De certo s\u00e3o os dois, sobrevoando por aqui, para que Nicolau possa nos observar e anotar tudo em seu grande livro dourado!<\/p>\n<p>Ele tem um livro bem grande mesmo, que cont\u00e9m uma p\u00e1gina para cada ser humano que vive na Terra! Nicolau anota tudinho: o que fazemos, e tamb\u00e9m o que deixamos de fazer! E para cumprir sua tarefa, possui duas canetas: uma com tinta preta e outra com tinta dourada! Com a caneta preta escreve sobre as coisas ruins que fizemos, e com a dourada, escreve sobre as nossas boas a\u00e7\u00f5es&#8230;<\/p>\n<p>Ent\u00e3o, quando chega dezembro, Nicolau olha para as folhas de seu grande livro, uma por uma! Se aquela p\u00e1gina com seu nome estiver mais dourada do que preta, certamente voc\u00ea receber\u00e1, no dia 6, deliciosos presentes: nozes para todos os seus bons pensamentos, p\u00e3o de mel para seus bons sentimentos, e ma\u00e7\u00e3 para os bons atos que realizou naquele ano!<\/p>\n<p>E se sua p\u00e1gina estiver mais preta que dourada? O que poder\u00e1 chegar?? Carv\u00e3o? Pimenta?<\/p>\n<p>Geralmente ele manda junto um bilhete, parabenizando o que fizemos de mais especial no ano, e tamb\u00e9m apontando aquilo que realmente devemos melhorar&#8230;\u201d<\/p>\n<p><em>\u00a0(Uma das hist\u00f3rias contadas \u00e0s nossas crian\u00e7as que representa o significado de S\u00e3o Nicolau)<\/em><\/p>\n<p>&nbsp;<\/p>\n<p>Bom, chegado o dia, ou melhor, chegada a semana, j\u00e1 estamos todos preparados e com os cora\u00e7\u00f5es emocionados pela visita iminente!<\/p>\n<p>A magia j\u00e1 come\u00e7a a acontecer com o preparo do p\u00e3o de mel, que perfuma a escola inteira: \u201c<em>de onde vem esse aroma doce que faz salivar? Ser\u00e1 que vem do vizinho?\u201d\u00a0 <\/em><\/p>\n<p>E diante da linda e doce inoc\u00eancia das crian\u00e7as, professoras passam por todo lado com formas de bolo cobertas por panos de prato, rumo \u00e0s geladeiras, mas ningu\u00e9m questiona o movimento, pois afinal estamos sempre ocupadas com coisas de cozinha mesmo! Assim, com muito cuidado e amor, tudo vai veladamente sendo organizado, diante de olhinhos brilhantes e ansiosos!<\/p>\n<p>N\u00e3o pode faltar, perfeitamente arrumados pelas crian\u00e7as na porta dos castelos, uma tigelinha com \u00e1gua e outra com grama e cenouras, para que seu cavalo branco, que trabalha tanto nesse dia, fa\u00e7a um lanchinho e mate sua sede!<\/p>\n<p>A equipe inteira da escola participa do t\u00e3o esperado momento, pois o cavalo precisa passar simultaneamente nas tr\u00eas salas, trotando em frente a cada porta! E n\u00e3o pode esquecer de derrubar um pouquinho da \u00e1gua deixada pra ele, e nem de dar uma boa dentada nas cenouras! E claro, \u00e9 preciso espalhar por todo o caminho seu rastro de poeira estelar! Nicolau tem que bater 3 vezes nas portas e deixar sua cesta impec\u00e1vel, com o n\u00famero certinho de saquinhos cheios de del\u00edcias para cada crian\u00e7a! Melhor esse Nicolau estar realmente envolto em um manto azul, vai que algu\u00e9m consegue espiar pela janela!<\/p>\n<p>Ufa! Super produ\u00e7\u00e3o pra magia acontecer! Um dia tenso, nada pode dar errado, um deslize e o encanto se quebra!<\/p>\n<p>E sim, chegou a hora!!! Quanta emo\u00e7\u00e3o, que frio na barriga!!!!<\/p>\n<p>\u201c<em>O que ser\u00e1 que receberei, p\u00e3o de mel ou carv\u00e3o? Ser\u00e1 que desta vez conseguirei ver ao menos uma pontinha do manto azul de Nicolau?\u201d <\/em><\/p>\n<p>Portas e cortinas fechadas, no escurinho do castelo, \u00e0 luz de velas, escutando um conto sobre os feitos do Bispo Nicolau enquanto ainda vivia na Terra\u2026. A qualquer momento, o casco do lindo cavalo branco ir\u00e1 tocar o ch\u00e3o! Seu trote \u00e9 inconfund\u00edvel!!! Em seguida Nicolau bater\u00e1 tr\u00eas vezes \u00e0 porta!!! E \u2026. finalmente acontece!!!<\/p>\n<p>Alguns gritam, outros ficam im\u00f3veis, em absoluto sil\u00eancio! Uns correm o mais r\u00e1pido que podem at\u00e9 a janela, a fim de abrir a cortina e ver aquilo que j\u00e1 tinham visto antes, de olhos bem fechados, escutando as hist\u00f3rias!!! Que emo\u00e7\u00e3o seria se deparar com a pontinha do rabo do cavalo batendo no vidro da janela\u2026!<\/p>\n<p>De fato, tem gente que v\u00ea um manto azul passando, mas a maioria guarda a esperan\u00e7a de que no ano vem Nicolau e seu cavalo n\u00e3o escapam: \u201c<em>faltou s\u00f3 um pouquinho, corro mais r\u00e1pido at\u00e9 a janela da pr\u00f3xima vez!!!!\u201d <\/em><\/p>\n<p>Ah, o rastro de p\u00f3 das estrelas!!! \u201c<em>Meu Deus, eu posso pegar um pouco e levar pra casa!!!\u201d <\/em><\/p>\n<p><em>\u00a0\u201cUfa, ganhei p\u00e3o de mel!!! Ainda bem! J\u00e1 tinha planejado dar o carv\u00e3o pro churrasco do meu pai, e a pimenta pra minha m\u00e3e, porque ela gosta de pimenta! Mas n\u00e3o ser\u00e1 preciso! Seguirei bem firme pela estrada do bom caminho, ouvirei esse conselho, para que no ano que vem n\u00e3o corra tanto risco de n\u00e3o ganhar o p\u00e3o de mel!\u201d<\/em><\/p>\n<p><em>\u201cBem que o Nicolau poderia voltar amanh\u00e3, ou voltar todos os dias, assim aumenta a chance de eu finalmente conseguir v\u00ea-lo!\u201d\u00a0 <\/em><\/p>\n<p><em>\u201cSim, por que esse foi o melhor dia da vida!!!!\u201d <\/em><\/p>\n<p>E neste dia viramos crian\u00e7as de novo! Todos juntos vivenciamos o mist\u00e9rio, o encanto, a espera, a surpresa que vem do c\u00e9u, trazendo uma doce mensagem sobre como andamos neste ano, e de quantos polimentos ainda precisamos dar em nossa estrela, para que ela possa brilhar cada vez mais e mais!<\/p>\n<p>Sem d\u00favida, todo o esfor\u00e7o \u00e9 recompensado por cada cora\u00e7\u00e3o que minimamente foi tocado, inclusive o nosso, que aproveita desse momento encantado para tamb\u00e9m refletir, de forma mais consciente, o significado de S\u00e3o Nicolau em n\u00f3s\u2026<\/p>\n<p>N\u00f3s adultos possu\u00edmos a capacidade de analisar o que fizemos de bom e de ruim. J\u00e1 a crian\u00e7a ainda n\u00e3o desenvolveu essa habilidade. Com a ajuda de Nicolau, ela pode passar a compreender que as a\u00e7\u00f5es em liberdade do ser humano est\u00e3o intimamente ligadas \u00e0 justi\u00e7a objetiva. Vivenciando anualmente esta realidade, de forma emocional, a crian\u00e7a tem um aprendizado mais eficaz que o conseguido com uma bronca ou castigo.<\/p>\n<p>Precisamos ter em mente que nessa autoan\u00e1lise n\u00e3o se pode deixar aparecer a culpa pelos atos errados, que s\u00f3 bloqueia o desenvolvimento pessoal. Basta reconhecer os erros, perceber o que os motivou, para se ter a certeza de que n\u00e3o ser\u00e3o repetidos.<\/p>\n<p>Assim, a figura de S\u00e3o Nicolau simboliza a capacidade para avaliar o que ficou para tr\u00e1s, representa a justi\u00e7a concreta. Ao proporcionarmos tal viv\u00eancia na escola, oferecemos \u00e0 crian\u00e7a uma oportunidade de realiza\u00e7\u00e3o dessa autoavalia\u00e7\u00e3o, de maneira coerente com a idade, com calor no cora\u00e7\u00e3o, aconchego na alma e muito encantamento!<\/p>\n<p>Com carinho, <strong>Prof. Ana Carolina Meirelles\u00a0<\/strong><\/p>\n<p>&nbsp;<\/p>\n<p>Refer\u00eancia bibliogr\u00e1fica: <strong>Scheven, Evelyn<\/strong>, \u201c<em>O caminho do Cristo<\/em>\u201d<\/p>\n","protected":false},"excerpt":{"rendered":"<p>\u201cQuando \u00e9 noite de dezembro, noite de amor e carinho, As estrelas l\u00e1 do c\u00e9u, v\u00e3o tecendo um caminho! Nessa estrada luminosa, vem vindo S\u00e3o Nicolau! Trazendo pras criancinhas, biscoitos feitos de mel!\u201d \u201cSim, ele vem l\u00e1 do c\u00e9u, montado em um cavalo alado branco, de patas bem peludas! No caminho, a poeira das estrelas [&hellip;]<\/p>\n","protected":false},"author":2,"featured_media":2104,"comment_status":"closed","ping_status":"open","sticky":false,"template":"","format":"standard","meta":{"site-sidebar-layout":"default","site-content-layout":"default","ast-site-content-layout":"default","site-content-style":"default","site-sidebar-style":"default","ast-global-header-display":"","ast-banner-title-visibility":"","ast-main-header-display":"","ast-hfb-above-header-display":"","ast-hfb-below-header-display":"","ast-hfb-mobile-header-display":"","site-post-title":"","ast-breadcrumbs-content":"","ast-featured-img":"","footer-sml-layout":"","ast-disable-related-posts":"","theme-transparent-header-meta":"default","adv-header-id-meta":"","stick-header-meta":"","header-above-stick-meta":"","header-main-stick-meta":"","header-below-stick-meta":"","astra-migrate-meta-layouts":"default","ast-page-background-enabled":"default","ast-page-background-meta":{"desktop":{"background-color":"var(--ast-global-color-4)","background-image":"","background-repeat":"repeat","background-position":"center center","background-size":"auto","background-attachment":"scroll","background-type":"","background-media":"","overlay-type":"","overlay-color":"","overlay-opacity":"","overlay-gradient":""},"tablet":{"background-color":"","background-image":"","background-repeat":"repeat","background-position":"center center","background-size":"auto","background-attachment":"scroll","background-type":"","background-media":"","overlay-type":"","overlay-color":"","overlay-opacity":"","overlay-gradient":""},"mobile":{"background-color":"","background-image":"","background-repeat":"repeat","background-position":"center center","background-size":"auto","background-attachment":"scroll","background-type":"","background-media":"","overlay-type":"","overlay-color":"","overlay-opacity":"","overlay-gradient":""}},"ast-content-background-meta":{"desktop":{"background-color":"var(--ast-global-color-5)","background-image":"","background-repeat":"repeat","background-position":"center center","background-size":"auto","background-attachment":"scroll","background-type":"","background-media":"","overlay-type":"","overlay-color":"","overlay-opacity":"","overlay-gradient":""},"tablet":{"background-color":"var(--ast-global-color-5)","background-image":"","background-repeat":"repeat","background-position":"center center","background-size":"auto","background-attachment":"scroll","background-type":"","background-media":"","overlay-type":"","overlay-color":"","overlay-opacity":"","overlay-gradient":""},"mobile":{"background-color":"var(--ast-global-color-5)","background-image":"","background-repeat":"repeat","background-position":"center center","background-size":"auto","background-attachment":"scroll","background-type":"","background-media":"","overlay-type":"","overlay-color":"","overlay-opacity":"","overlay-gradient":""}},"footnotes":""},"categories":[5,13],"tags":[],"class_list":["post-2150","post","type-post","status-publish","format-standard","has-post-thumbnail","hentry","category-blog","category-epocas-do-ano"],"_links":{"self":[{"href":"https:\/\/jardimdasamoras.com.br\/amoras\/wp-json\/wp\/v2\/posts\/2150","targetHints":{"allow":["GET"]}}],"collection":[{"href":"https:\/\/jardimdasamoras.com.br\/amoras\/wp-json\/wp\/v2\/posts"}],"about":[{"href":"https:\/\/jardimdasamoras.com.br\/amoras\/wp-json\/wp\/v2\/types\/post"}],"author":[{"embeddable":true,"href":"https:\/\/jardimdasamoras.com.br\/amoras\/wp-json\/wp\/v2\/users\/2"}],"replies":[{"embeddable":true,"href":"https:\/\/jardimdasamoras.com.br\/amoras\/wp-json\/wp\/v2\/comments?post=2150"}],"version-history":[{"count":0,"href":"https:\/\/jardimdasamoras.com.br\/amoras\/wp-json\/wp\/v2\/posts\/2150\/revisions"}],"wp:featuredmedia":[{"embeddable":true,"href":"https:\/\/jardimdasamoras.com.br\/amoras\/wp-json\/wp\/v2\/media\/2104"}],"wp:attachment":[{"href":"https:\/\/jardimdasamoras.com.br\/amoras\/wp-json\/wp\/v2\/media?parent=2150"}],"wp:term":[{"taxonomy":"category","embeddable":true,"href":"https:\/\/jardimdasamoras.com.br\/amoras\/wp-json\/wp\/v2\/categories?post=2150"},{"taxonomy":"post_tag","embeddable":true,"href":"https:\/\/jardimdasamoras.com.br\/amoras\/wp-json\/wp\/v2\/tags?post=2150"}],"curies":[{"name":"wp","href":"https:\/\/api.w.org\/{rel}","templated":true}]}}