{"id":2152,"date":"2021-11-03T23:39:47","date_gmt":"2021-11-04T02:39:47","guid":{"rendered":"https:\/\/jardimdasamoras.com.br\/amoras\/?p=2152"},"modified":"2023-08-11T00:36:13","modified_gmt":"2023-08-11T03:36:13","slug":"epoca-da-primavera","status":"publish","type":"post","link":"https:\/\/jardimdasamoras.com.br\/amoras\/links\/blog\/epoca-da-primavera\/","title":{"rendered":"\u00c9poca da Primavera"},"content":{"rendered":"<p>(\u00c9poca de expans\u00e3o)<\/p>\n<p><em>\u266b A primavera vem chegando<br \/>\n<\/em><em>Pintando toda natureza<br \/>\n<\/em><em>\u00c9 o sol, \u00e9 o sol,<br \/>\n<\/em><em>\u00c9 o sol que traz toda beleza \u266b<\/em><\/p>\n<p>Na primavera, pouco a pouco a terra come\u00e7a a exalar, os dias v\u00e3o ficando mais quentes e as sementes que ca\u00edram no outono e adormeceram no inverno surgem com toda for\u00e7a. Ap\u00f3s o solst\u00edcio a terra toda desperta. \u00c9 chegada a hora de florescer! E em n\u00f3s tamb\u00e9m desabrocha uma for\u00e7a interna de coragem e humildade, impulsionando uma atua\u00e7\u00e3o no mundo de forma mais plena e consciente.\u00a0 \u00c9 a chegada da primavera, que junto com a \u00e9poca de Micael simboliza a vit\u00f3ria da luz sobre a escurid\u00e3o.<\/p>\n<p>&nbsp;<\/p>\n<p>Despertamos pela manh\u00e3 com o Sol, escutamos o gorjeio dos sabi\u00e1s, e vemos lindos ip\u00eas desabrochando.\u00a0 A Primavera \u00e9 uma \u00e9poca de deslumbramento e d\u00e1diva. \u00c9 a celebra\u00e7\u00e3o da fertilidade nas v\u00e1rias manifesta\u00e7\u00f5es de vida e acolhimento da luz que vai aumentando. A natureza ganha forma, cor e estrutura e isso d\u00e1 seguran\u00e7a, estabilidade e alegria, alimentando o encontro e a cria\u00e7\u00e3o de la\u00e7os com os outros.<\/p>\n<p>Assim como a natureza desperta de seu adormecer, sentimos tamb\u00e9m o desabrochar da primavera em nossas almas. Que busca atuar, concretizando as transforma\u00e7\u00f5es necess\u00e1rias para a nossa evolu\u00e7\u00e3o espiritual.<\/p>\n<p>\u00c9 o come\u00e7o de um novo ciclo que nos torna mais otimistas, observadores e determinados. A primavera nos convida ao movimento, traz clareza aos nossos pensamentos, permitindo romper padr\u00f5es antigos e nos preparando para um novo caminho. Portanto, nessa \u00e9poca, temos a oportunidade de reconhecer em cada dia, uma nova oportunidade para crescer e reflorescer.<\/p>\n<p>Podemos ver essa transforma\u00e7\u00e3o no ambiente e tamb\u00e9m nas crian\u00e7as e como elas est\u00e3o mais conectadas \u00e0 natureza. Junto com a luz, a brisa mais quentinha e o canto dos p\u00e1ssaros, as crian\u00e7as despertam, ficam mais leves, mais alegres e com mais movimento.<\/p>\n<p>A alma parece transbordar de alegria pela magia das cores. As abelhas come\u00e7am seu trabalho de voar de flor em flor. E com as crian\u00e7as, cantamos e agradecemos \u00e0 natureza por tantos presentes!<\/p>\n<p>Nessa \u00e9poca deixamos a escola toda colorida, com vitrais de flores secas nas janelas, flores nas mesas, as amoras come\u00e7am a aparecer no parque, nosso ip\u00ea rosa floresce e depois vemos um tapete de flores rosa no gramado.<\/p>\n<p>Na roda r\u00edtmica trazemos m\u00fasicas, gestos e imagens dessa \u00e9poca. No parque, penduramos l\u00e3s coloridas e observamos os passarinhos levarem para constru\u00edrem seus ninhos.<\/p>\n<p>E essa \u00e9poca culmina em um dia festivo no qual as fam\u00edlias v\u00e3o \u00e0 escola para confeccionar coroas de flores naturais e plantar mudas de flores ou ervas. As crian\u00e7as fazem a Roda R\u00edtmica, as m\u00e3es participam com dan\u00e7as circulares utilizando fitas de cetim coloridas,\u00a0 e os pais finalizam jogando uma chuva de p\u00e9talas de rosas sobre as crian\u00e7as que est\u00e3o no centro da roda.<\/p>\n<p>E assim celebramos essa \u00e9poca t\u00e3o especial, que naturalmente nos leva a querer atuar no mundo com leveza, alegria e encantamento!<\/p>\n<p><em>Texto escrito por Sabrina Iamamoto<\/em><\/p>\n","protected":false},"excerpt":{"rendered":"<p>(\u00c9poca de expans\u00e3o) \u266b A primavera vem chegando Pintando toda natureza \u00c9 o sol, \u00e9 o sol, \u00c9 o sol que traz toda beleza \u266b Na primavera, pouco a pouco a terra come\u00e7a a exalar, os dias v\u00e3o ficando mais quentes e as sementes que ca\u00edram no outono e adormeceram no inverno surgem com toda [&hellip;]<\/p>\n","protected":false},"author":2,"featured_media":2104,"comment_status":"closed","ping_status":"open","sticky":false,"template":"","format":"standard","meta":{"site-sidebar-layout":"default","site-content-layout":"default","ast-site-content-layout":"default","site-content-style":"default","site-sidebar-style":"default","ast-global-header-display":"","ast-banner-title-visibility":"","ast-main-header-display":"","ast-hfb-above-header-display":"","ast-hfb-below-header-display":"","ast-hfb-mobile-header-display":"","site-post-title":"","ast-breadcrumbs-content":"","ast-featured-img":"","footer-sml-layout":"","ast-disable-related-posts":"","theme-transparent-header-meta":"default","adv-header-id-meta":"","stick-header-meta":"","header-above-stick-meta":"","header-main-stick-meta":"","header-below-stick-meta":"","astra-migrate-meta-layouts":"default","ast-page-background-enabled":"default","ast-page-background-meta":{"desktop":{"background-color":"var(--ast-global-color-4)","background-image":"","background-repeat":"repeat","background-position":"center center","background-size":"auto","background-attachment":"scroll","background-type":"","background-media":"","overlay-type":"","overlay-color":"","overlay-opacity":"","overlay-gradient":""},"tablet":{"background-color":"","background-image":"","background-repeat":"repeat","background-position":"center center","background-size":"auto","background-attachment":"scroll","background-type":"","background-media":"","overlay-type":"","overlay-color":"","overlay-opacity":"","overlay-gradient":""},"mobile":{"background-color":"","background-image":"","background-repeat":"repeat","background-position":"center center","background-size":"auto","background-attachment":"scroll","background-type":"","background-media":"","overlay-type":"","overlay-color":"","overlay-opacity":"","overlay-gradient":""}},"ast-content-background-meta":{"desktop":{"background-color":"var(--ast-global-color-5)","background-image":"","background-repeat":"repeat","background-position":"center center","background-size":"auto","background-attachment":"scroll","background-type":"","background-media":"","overlay-type":"","overlay-color":"","overlay-opacity":"","overlay-gradient":""},"tablet":{"background-color":"var(--ast-global-color-5)","background-image":"","background-repeat":"repeat","background-position":"center center","background-size":"auto","background-attachment":"scroll","background-type":"","background-media":"","overlay-type":"","overlay-color":"","overlay-opacity":"","overlay-gradient":""},"mobile":{"background-color":"var(--ast-global-color-5)","background-image":"","background-repeat":"repeat","background-position":"center center","background-size":"auto","background-attachment":"scroll","background-type":"","background-media":"","overlay-type":"","overlay-color":"","overlay-opacity":"","overlay-gradient":""}},"footnotes":""},"categories":[5,13],"tags":[],"class_list":["post-2152","post","type-post","status-publish","format-standard","has-post-thumbnail","hentry","category-blog","category-epocas-do-ano"],"_links":{"self":[{"href":"https:\/\/jardimdasamoras.com.br\/amoras\/wp-json\/wp\/v2\/posts\/2152","targetHints":{"allow":["GET"]}}],"collection":[{"href":"https:\/\/jardimdasamoras.com.br\/amoras\/wp-json\/wp\/v2\/posts"}],"about":[{"href":"https:\/\/jardimdasamoras.com.br\/amoras\/wp-json\/wp\/v2\/types\/post"}],"author":[{"embeddable":true,"href":"https:\/\/jardimdasamoras.com.br\/amoras\/wp-json\/wp\/v2\/users\/2"}],"replies":[{"embeddable":true,"href":"https:\/\/jardimdasamoras.com.br\/amoras\/wp-json\/wp\/v2\/comments?post=2152"}],"version-history":[{"count":0,"href":"https:\/\/jardimdasamoras.com.br\/amoras\/wp-json\/wp\/v2\/posts\/2152\/revisions"}],"wp:featuredmedia":[{"embeddable":true,"href":"https:\/\/jardimdasamoras.com.br\/amoras\/wp-json\/wp\/v2\/media\/2104"}],"wp:attachment":[{"href":"https:\/\/jardimdasamoras.com.br\/amoras\/wp-json\/wp\/v2\/media?parent=2152"}],"wp:term":[{"taxonomy":"category","embeddable":true,"href":"https:\/\/jardimdasamoras.com.br\/amoras\/wp-json\/wp\/v2\/categories?post=2152"},{"taxonomy":"post_tag","embeddable":true,"href":"https:\/\/jardimdasamoras.com.br\/amoras\/wp-json\/wp\/v2\/tags?post=2152"}],"curies":[{"name":"wp","href":"https:\/\/api.w.org\/{rel}","templated":true}]}}