{"id":2154,"date":"2021-11-04T23:40:10","date_gmt":"2021-11-05T02:40:10","guid":{"rendered":"https:\/\/jardimdasamoras.com.br\/amoras\/?p=2154"},"modified":"2025-04-15T15:14:19","modified_gmt":"2025-04-15T18:14:19","slug":"epoca-de-micael","status":"publish","type":"post","link":"https:\/\/jardimdasamoras.com.br\/amoras\/links\/blog\/epoca-de-micael\/","title":{"rendered":"\u00c9poca de Micael"},"content":{"rendered":"<p>\u266b <em>Eu crescendo, eu crescendo<br \/><\/em><em>Sendo grande como o mundo<br \/><\/em><em>Eu ven\u00e7o com certeza<br \/><\/em><em>O drag\u00e3o l\u00e1 do fundo\u266b<\/em><\/p>\n<p>Todos os anos, durante o m\u00eas de setembro, vivenciamos e festejamos a \u00e9poca de Micael. \u00c9poca que traz encorajamento, for\u00e7a e discernimento para nossa alma. Qualidades essas t\u00e3o necess\u00e1rias para o per\u00edodo que estamos vivendo.<\/p>\n<p>\u00a0<\/p>\n<p>O arcanjo Micael nos \u00e9 apresentado como o grande defensor da humanidade, acreditando sempre nela, apesar de todos os desvios. \u00c9 o grande inspirador e auxiliar de cada um que queira aprender a amar com consci\u00eancia.<\/p>\n<p>S\u00e3o Micael pode ser sentido como a for\u00e7a do ferro, capaz de lutar contra o drag\u00e3o da pr\u00f3pria alma. \u00c9 a for\u00e7a do \u201ceu\u201d que luta contra os impulsos, os instintos. Micael nos acompanha ao longo da biografia impulsionando o nosso amadurecimento, nos dando coragem de viver, de ser e de reconhecer a ess\u00eancia divina em n\u00f3s. Ele \u00e9 o respons\u00e1vel em dar for\u00e7a ao homem, impulsionando a humanidade para que ela reconhe\u00e7a e vivencie o mundo espiritual nas suas a\u00e7\u00f5es.<\/p>\n<p>Desde os princ\u00edpios da Humanidade houve a luta entre o Bem e o Mal, entre Luz e Trevas \u2013 n\u00e3o somente fora do homem, no seu ambiente, mas principalmente dentro do pr\u00f3prio homem. Rudolf Steiner nos diz que na nossa atual \u00e9poca, a \u00e9poca da consci\u00eancia, n\u00e3o devemos aniquilar o drag\u00e3o encontrado e sim devemos domin\u00e1-lo, subjug\u00e1-lo \u00e0 nossa vontade e com isso teremos a oportunidade de atuarmos, e consequentemente crescer espiritualmente.<\/p>\n<p>No Jardim das Amoras,\u00a0 vivenciamos a \u00e9poca de Micael com as crian\u00e7as durante quatro semanas atrav\u00e9s de contos de fadas, m\u00fasicas, versos e desafios adequados a cada faixa et\u00e1ria.<\/p>\n<p>Os professores preparam desafios que trabalham o medo e a coragem atrav\u00e9s de atividades que estimulam habilidades corporais, equil\u00edbrio e destreza, resist\u00eancia e for\u00e7a f\u00edsica, viv\u00eancias sensoriais e obst\u00e1culos de altura.<\/p>\n<p>Vivenciamos o plantio de sementes, acompanhando sua coragem de sair da terra em busca do sol para poder crescer.<\/p>\n<p>As espadas de madeira presente nas salas de aula representam a bravura, valentia e for\u00e7a. E as crian\u00e7as maiores vivenciam tamb\u00e9m o ritual do caracol.<\/p>\n<p>Ao longo desta \u00e9poca, fazemos a roda r\u00edtmica com m\u00fasicas e versos sobre Micael e tamb\u00e9m contamos hist\u00f3rias sobre pr\u00edncipes e princesas que venceram o drag\u00e3o.<\/p>\n<p>E no dia 29 de setembro, comemoramos Micael atrav\u00e9s de um lanche coletivo onde compartilhamos o p\u00e3o em formato de espada ou drag\u00e3o. E no final do per\u00edodo, apresentamos um teatro de mesa para todas as crian\u00e7as da escola.<\/p>\n<p>\u00c9 atrav\u00e9s dessas imagens que suas almas ser\u00e3o alimentadas e fortalecidas para os desafios no mundo.<\/p>\n<p><em>Texto escrito por Sabrina Iamamoto<\/em><\/p>\n<p>Para levar um pouquinho dessa celebra\u00e7\u00e3o para sua casa, clique <a href=\"https:\/\/jardimdasamoras.com.br\/jornais\/Livreto_Micael_2024.pdf\">aqui<\/a> para baixar nosso livreto.<\/p>\n<p>Se voc\u00ea quiser conhecer um pouquinho mais sobre Micael e o significado que essa \u00e9poca nos traz, clica no link abaixo para escutar mais um podcast no nosso canal O Som da Amoreira, no Spotify:<br \/><a href=\"https:\/\/open.spotify.com\/episode\/1tLY0hc8PunErh06vItRGi?si=08fbe8903c144d4b\">https:\/\/open.spotify.com\/episode\/1tLY0hc8PunErh06vItRGi?si=08fbe8903c144d4b<\/a><\/p>\n<p>E no segundo epis\u00f3dio da s\u00e9rie, contamos coo podemos vivenciar essa \u00e9poca com as crian\u00e7as:<br \/><a href=\"https:\/\/open.spotify.com\/episode\/6iLBO4vXcG0kr3PCotKhPa?si=18a1f34719a341e6\">https:\/\/open.spotify.com\/episode\/6iLBO4vXcG0kr3PCotKhPa?si=18a1f34719a341e6<\/a><\/p>\n\n\n<p><\/p>\n","protected":false},"excerpt":{"rendered":"<p>\u266b Eu crescendo, eu crescendoSendo grande como o mundoEu ven\u00e7o com certezaO drag\u00e3o l\u00e1 do fundo\u266b Todos os anos, durante o m\u00eas de setembro, vivenciamos e festejamos a \u00e9poca de Micael. \u00c9poca que traz encorajamento, for\u00e7a e discernimento para nossa alma. Qualidades essas t\u00e3o necess\u00e1rias para o per\u00edodo que estamos vivendo. \u00a0 O arcanjo Micael [&hellip;]<\/p>\n","protected":false},"author":2,"featured_media":2104,"comment_status":"closed","ping_status":"open","sticky":false,"template":"","format":"standard","meta":{"site-sidebar-layout":"default","site-content-layout":"default","ast-site-content-layout":"default","site-content-style":"default","site-sidebar-style":"default","ast-global-header-display":"","ast-banner-title-visibility":"","ast-main-header-display":"","ast-hfb-above-header-display":"","ast-hfb-below-header-display":"","ast-hfb-mobile-header-display":"","site-post-title":"","ast-breadcrumbs-content":"","ast-featured-img":"","footer-sml-layout":"","ast-disable-related-posts":"","theme-transparent-header-meta":"default","adv-header-id-meta":"","stick-header-meta":"","header-above-stick-meta":"","header-main-stick-meta":"","header-below-stick-meta":"","astra-migrate-meta-layouts":"set","ast-page-background-enabled":"default","ast-page-background-meta":{"desktop":{"background-color":"var(--ast-global-color-4)","background-image":"","background-repeat":"repeat","background-position":"center center","background-size":"auto","background-attachment":"scroll","background-type":"","background-media":"","overlay-type":"","overlay-color":"","overlay-opacity":"","overlay-gradient":""},"tablet":{"background-color":"","background-image":"","background-repeat":"repeat","background-position":"center center","background-size":"auto","background-attachment":"scroll","background-type":"","background-media":"","overlay-type":"","overlay-color":"","overlay-opacity":"","overlay-gradient":""},"mobile":{"background-color":"","background-image":"","background-repeat":"repeat","background-position":"center center","background-size":"auto","background-attachment":"scroll","background-type":"","background-media":"","overlay-type":"","overlay-color":"","overlay-opacity":"","overlay-gradient":""}},"ast-content-background-meta":{"desktop":{"background-color":"var(--ast-global-color-5)","background-image":"","background-repeat":"repeat","background-position":"center center","background-size":"auto","background-attachment":"scroll","background-type":"","background-media":"","overlay-type":"","overlay-color":"","overlay-opacity":"","overlay-gradient":""},"tablet":{"background-color":"var(--ast-global-color-5)","background-image":"","background-repeat":"repeat","background-position":"center center","background-size":"auto","background-attachment":"scroll","background-type":"","background-media":"","overlay-type":"","overlay-color":"","overlay-opacity":"","overlay-gradient":""},"mobile":{"background-color":"var(--ast-global-color-5)","background-image":"","background-repeat":"repeat","background-position":"center center","background-size":"auto","background-attachment":"scroll","background-type":"","background-media":"","overlay-type":"","overlay-color":"","overlay-opacity":"","overlay-gradient":""}},"footnotes":""},"categories":[5,13],"tags":[],"class_list":["post-2154","post","type-post","status-publish","format-standard","has-post-thumbnail","hentry","category-blog","category-epocas-do-ano"],"_links":{"self":[{"href":"https:\/\/jardimdasamoras.com.br\/amoras\/wp-json\/wp\/v2\/posts\/2154","targetHints":{"allow":["GET"]}}],"collection":[{"href":"https:\/\/jardimdasamoras.com.br\/amoras\/wp-json\/wp\/v2\/posts"}],"about":[{"href":"https:\/\/jardimdasamoras.com.br\/amoras\/wp-json\/wp\/v2\/types\/post"}],"author":[{"embeddable":true,"href":"https:\/\/jardimdasamoras.com.br\/amoras\/wp-json\/wp\/v2\/users\/2"}],"replies":[{"embeddable":true,"href":"https:\/\/jardimdasamoras.com.br\/amoras\/wp-json\/wp\/v2\/comments?post=2154"}],"version-history":[{"count":2,"href":"https:\/\/jardimdasamoras.com.br\/amoras\/wp-json\/wp\/v2\/posts\/2154\/revisions"}],"predecessor-version":[{"id":2443,"href":"https:\/\/jardimdasamoras.com.br\/amoras\/wp-json\/wp\/v2\/posts\/2154\/revisions\/2443"}],"wp:featuredmedia":[{"embeddable":true,"href":"https:\/\/jardimdasamoras.com.br\/amoras\/wp-json\/wp\/v2\/media\/2104"}],"wp:attachment":[{"href":"https:\/\/jardimdasamoras.com.br\/amoras\/wp-json\/wp\/v2\/media?parent=2154"}],"wp:term":[{"taxonomy":"category","embeddable":true,"href":"https:\/\/jardimdasamoras.com.br\/amoras\/wp-json\/wp\/v2\/categories?post=2154"},{"taxonomy":"post_tag","embeddable":true,"href":"https:\/\/jardimdasamoras.com.br\/amoras\/wp-json\/wp\/v2\/tags?post=2154"}],"curies":[{"name":"wp","href":"https:\/\/api.w.org\/{rel}","templated":true}]}}