{"id":2559,"date":"2025-07-21T16:05:34","date_gmt":"2025-07-21T19:05:34","guid":{"rendered":"https:\/\/jardimdasamoras.com.br\/amoras\/?p=2559"},"modified":"2025-07-21T16:05:34","modified_gmt":"2025-07-21T19:05:34","slug":"o-ritmo-na-vida-da-crianca-estrutura-que-nutre-e-protege","status":"publish","type":"post","link":"https:\/\/jardimdasamoras.com.br\/amoras\/links\/blog\/artigos\/o-ritmo-na-vida-da-crianca-estrutura-que-nutre-e-protege\/","title":{"rendered":"O Ritmo na Vida da Crian\u00e7a: Estrutura que Nutre e Protege"},"content":{"rendered":"\n<figure class=\"wp-block-image size-large is-resized\"><img fetchpriority=\"high\" decoding=\"async\" width=\"1024\" height=\"683\" src=\"https:\/\/jardimdasamoras.com.br\/amoras\/wp-content\/uploads\/2025\/07\/feche-o-bebe-brincando-com-o-brinquedo-1024x683.jpg\" alt=\"\" class=\"wp-image-2560\" style=\"object-fit:cover;width:600px;height:400px\"\/><\/figure>\n\n\n\n<p>Entre as muitas necessidades da inf\u00e2ncia, uma das mais subestimadas \u2014 mas fundamentais \u2014 \u00e9 o <strong>ritmo<\/strong>. Na pedagogia Waldorf, o ritmo n\u00e3o \u00e9 apenas uma sequ\u00eancia de hor\u00e1rios, mas uma <strong>for\u00e7a organizadora da vida<\/strong>. Ele oferece \u00e0 crian\u00e7a seguran\u00e7a emocional, equil\u00edbrio f\u00edsico e espa\u00e7o para que ela se desenvolva de forma saud\u00e1vel e integrada.<\/p>\n\n\n\n<h2 class=\"wp-block-heading\">Por que o ritmo \u00e9 t\u00e3o importante?<\/h2>\n\n\n\n<p>A crian\u00e7a pequena vive intensamente o presente. Ela ainda n\u00e3o compreende o tempo de forma abstrata \u2014 para ela, o dia \u00e9 uma sucess\u00e3o de viv\u00eancias. Quando essas viv\u00eancias seguem um <strong>ritmo regular<\/strong>, a crian\u00e7a reconhece padr\u00f5es, antecipa o que vir\u00e1 e se sente segura no mundo.<\/p>\n\n\n\n<p>O ritmo organiza n\u00e3o apenas o tempo, mas tamb\u00e9m o corpo e a alma. Ele cria um <strong>ambiente interno e externo de confian\u00e7a<\/strong>, favorecendo o descanso, o aprendizado e o bem-estar.<\/p>\n\n\n\n<h2 class=\"wp-block-heading\">Ritmo n\u00e3o \u00e9 rigidez: \u00e9 fluidez com forma<\/h2>\n\n\n\n<p>Muitas vezes, confunde-se ritmo com rigidez. Mas um bom ritmo \u00e9 <strong>flex\u00edvel como a respira\u00e7\u00e3o<\/strong>: alterna momentos de expans\u00e3o (atividade, movimento, contato com o mundo) com momentos de contra\u00e7\u00e3o (acolhimento, sil\u00eancio, concentra\u00e7\u00e3o). Essa altern\u00e2ncia \u00e9 natural e essencial para o desenvolvimento.<\/p>\n\n\n\n<p>Na pr\u00e1tica, isso pode ser observado na sequ\u00eancia do dia: acordar, tomar caf\u00e9, brincar, lanchar, ouvir hist\u00f3rias, descansar, almo\u00e7ar\u2026 Cada fase tem sua <strong>fun\u00e7\u00e3o e seu tempo<\/strong>, respeitando o que o corpo e a alma da crian\u00e7a pedem.<\/p>\n\n\n\n<h2 class=\"wp-block-heading\">Como cultivar o ritmo no dia a dia?<\/h2>\n\n\n\n<p>Criar ritmo exige aten\u00e7\u00e3o, n\u00e3o perfei\u00e7\u00e3o. Pequenos h\u00e1bitos cotidianos podem construir um <strong>ritmo saud\u00e1vel em casa<\/strong>:<\/p>\n\n\n\n<ul class=\"wp-block-list\">\n<li>Estabelecer hor\u00e1rios aproximados para as refei\u00e7\u00f5es e o sono<\/li>\n\n\n\n<li>Criar rituais simples para as transi\u00e7\u00f5es (como uma m\u00fasica para guardar os brinquedos ou um verso antes da refei\u00e7\u00e3o)<\/li>\n\n\n\n<li>Alternar atividades ativas com momentos de pausa<\/li>\n\n\n\n<li>Oferecer tempo para o brincar livre todos os dias<\/li>\n<\/ul>\n\n\n\n<p>Esses elementos estruturam o dia da crian\u00e7a e ajudam a prevenir agita\u00e7\u00e3o, birras e cansa\u00e7o excessivo.<\/p>\n\n\n\n<h2 class=\"wp-block-heading\">O ritmo \u00e9 um educador silencioso<\/h2>\n\n\n\n<p>Na escola Waldorf, o ritmo \u00e9 o fio condutor do dia e do ano. Ele se expressa nas atividades, nos gestos dos adultos, nas festas sazonais e at\u00e9 na disposi\u00e7\u00e3o dos espa\u00e7os. Ao vivenciar esse ritmo, a crian\u00e7a <strong>n\u00e3o precisa ser constantemente orientada ou corrigida<\/strong> \u2014 ela aprende por meio da repeti\u00e7\u00e3o e do exemplo.<\/p>\n\n\n\n<p>O ritmo ensina com suavidade. Ele \u00e9 um <strong>educador silencioso<\/strong> que diz \u00e0 crian\u00e7a: \u201co mundo \u00e9 confi\u00e1vel, voc\u00ea est\u00e1 seguro, h\u00e1 lugar e tempo para tudo\u201d.<\/p>\n","protected":false},"excerpt":{"rendered":"<p>Entre as muitas necessidades da inf\u00e2ncia, uma das mais subestimadas \u2014 mas fundamentais \u2014 \u00e9 o ritmo. Na pedagogia Waldorf, o ritmo n\u00e3o \u00e9 apenas uma sequ\u00eancia de hor\u00e1rios, mas uma for\u00e7a organizadora da vida. Ele oferece \u00e0 crian\u00e7a seguran\u00e7a emocional, equil\u00edbrio f\u00edsico e espa\u00e7o para que ela se desenvolva de forma saud\u00e1vel e integrada. [&hellip;]<\/p>\n","protected":false},"author":2,"featured_media":2560,"comment_status":"closed","ping_status":"open","sticky":false,"template":"","format":"standard","meta":{"site-sidebar-layout":"default","site-content-layout":"","ast-site-content-layout":"default","site-content-style":"default","site-sidebar-style":"default","ast-global-header-display":"","ast-banner-title-visibility":"","ast-main-header-display":"","ast-hfb-above-header-display":"","ast-hfb-below-header-display":"","ast-hfb-mobile-header-display":"","site-post-title":"","ast-breadcrumbs-content":"","ast-featured-img":"","footer-sml-layout":"","ast-disable-related-posts":"","theme-transparent-header-meta":"","adv-header-id-meta":"","stick-header-meta":"","header-above-stick-meta":"","header-main-stick-meta":"","header-below-stick-meta":"","astra-migrate-meta-layouts":"set","ast-page-background-enabled":"default","ast-page-background-meta":{"desktop":{"background-color":"var(--ast-global-color-4)","background-image":"","background-repeat":"repeat","background-position":"center center","background-size":"auto","background-attachment":"scroll","background-type":"","background-media":"","overlay-type":"","overlay-color":"","overlay-opacity":"","overlay-gradient":""},"tablet":{"background-color":"","background-image":"","background-repeat":"repeat","background-position":"center center","background-size":"auto","background-attachment":"scroll","background-type":"","background-media":"","overlay-type":"","overlay-color":"","overlay-opacity":"","overlay-gradient":""},"mobile":{"background-color":"","background-image":"","background-repeat":"repeat","background-position":"center center","background-size":"auto","background-attachment":"scroll","background-type":"","background-media":"","overlay-type":"","overlay-color":"","overlay-opacity":"","overlay-gradient":""}},"ast-content-background-meta":{"desktop":{"background-color":"var(--ast-global-color-5)","background-image":"","background-repeat":"repeat","background-position":"center center","background-size":"auto","background-attachment":"scroll","background-type":"","background-media":"","overlay-type":"","overlay-color":"","overlay-opacity":"","overlay-gradient":""},"tablet":{"background-color":"var(--ast-global-color-5)","background-image":"","background-repeat":"repeat","background-position":"center center","background-size":"auto","background-attachment":"scroll","background-type":"","background-media":"","overlay-type":"","overlay-color":"","overlay-opacity":"","overlay-gradient":""},"mobile":{"background-color":"var(--ast-global-color-5)","background-image":"","background-repeat":"repeat","background-position":"center center","background-size":"auto","background-attachment":"scroll","background-type":"","background-media":"","overlay-type":"","overlay-color":"","overlay-opacity":"","overlay-gradient":""}},"footnotes":""},"categories":[16],"tags":[],"class_list":["post-2559","post","type-post","status-publish","format-standard","has-post-thumbnail","hentry","category-artigos"],"_links":{"self":[{"href":"https:\/\/jardimdasamoras.com.br\/amoras\/wp-json\/wp\/v2\/posts\/2559","targetHints":{"allow":["GET"]}}],"collection":[{"href":"https:\/\/jardimdasamoras.com.br\/amoras\/wp-json\/wp\/v2\/posts"}],"about":[{"href":"https:\/\/jardimdasamoras.com.br\/amoras\/wp-json\/wp\/v2\/types\/post"}],"author":[{"embeddable":true,"href":"https:\/\/jardimdasamoras.com.br\/amoras\/wp-json\/wp\/v2\/users\/2"}],"replies":[{"embeddable":true,"href":"https:\/\/jardimdasamoras.com.br\/amoras\/wp-json\/wp\/v2\/comments?post=2559"}],"version-history":[{"count":1,"href":"https:\/\/jardimdasamoras.com.br\/amoras\/wp-json\/wp\/v2\/posts\/2559\/revisions"}],"predecessor-version":[{"id":2561,"href":"https:\/\/jardimdasamoras.com.br\/amoras\/wp-json\/wp\/v2\/posts\/2559\/revisions\/2561"}],"wp:featuredmedia":[{"embeddable":true,"href":"https:\/\/jardimdasamoras.com.br\/amoras\/wp-json\/wp\/v2\/media\/2560"}],"wp:attachment":[{"href":"https:\/\/jardimdasamoras.com.br\/amoras\/wp-json\/wp\/v2\/media?parent=2559"}],"wp:term":[{"taxonomy":"category","embeddable":true,"href":"https:\/\/jardimdasamoras.com.br\/amoras\/wp-json\/wp\/v2\/categories?post=2559"},{"taxonomy":"post_tag","embeddable":true,"href":"https:\/\/jardimdasamoras.com.br\/amoras\/wp-json\/wp\/v2\/tags?post=2559"}],"curies":[{"name":"wp","href":"https:\/\/api.w.org\/{rel}","templated":true}]}}