{"id":2600,"date":"2025-09-01T21:58:14","date_gmt":"2025-09-02T00:58:14","guid":{"rendered":"https:\/\/jardimdasamoras.com.br\/amoras\/?p=2600"},"modified":"2025-09-01T21:58:14","modified_gmt":"2025-09-02T00:58:14","slug":"construindo-comunidade-parcerias-que-fortalecem-a-educacao-waldorf","status":"publish","type":"post","link":"https:\/\/jardimdasamoras.com.br\/amoras\/links\/blog\/artigos\/construindo-comunidade-parcerias-que-fortalecem-a-educacao-waldorf\/","title":{"rendered":"Construindo Comunidade: Parcerias que Fortalecem a Educa\u00e7\u00e3o Waldorf"},"content":{"rendered":"\n<figure class=\"wp-block-image size-large is-resized\"><img fetchpriority=\"high\" decoding=\"async\" width=\"1024\" height=\"683\" src=\"https:\/\/jardimdasamoras.com.br\/amoras\/wp-content\/uploads\/2025\/09\/ChatGPT-Image-1-de-set.-de-2025-21_57_33-1-1024x683.png\" alt=\"\" class=\"wp-image-2602\" style=\"object-fit:cover;width:600px;height:400px\" srcset=\"https:\/\/jardimdasamoras.com.br\/amoras\/wp-content\/uploads\/2025\/09\/ChatGPT-Image-1-de-set.-de-2025-21_57_33-1-1024x683.png 1024w, https:\/\/jardimdasamoras.com.br\/amoras\/wp-content\/uploads\/2025\/09\/ChatGPT-Image-1-de-set.-de-2025-21_57_33-1-300x200.png 300w, https:\/\/jardimdasamoras.com.br\/amoras\/wp-content\/uploads\/2025\/09\/ChatGPT-Image-1-de-set.-de-2025-21_57_33-1-768x512.png 768w, https:\/\/jardimdasamoras.com.br\/amoras\/wp-content\/uploads\/2025\/09\/ChatGPT-Image-1-de-set.-de-2025-21_57_33-1.png 1536w\" sizes=\"(max-width: 1024px) 100vw, 1024px\" \/><\/figure>\n\n\n\n<h2 class=\"wp-block-heading\">A escola como um organismo vivo<\/h2>\n\n\n\n<p>Na vis\u00e3o Waldorf, a escola n\u00e3o \u00e9 apenas um espa\u00e7o de aprendizado formal. Ela \u00e9 compreendida como um organismo vivo, que respira e se transforma a partir das rela\u00e7\u00f5es entre crian\u00e7as, fam\u00edlias, professores e comunidade. Nesse contexto, cada pessoa que se envolve traz algo \u00fanico para o desenvolvimento coletivo.<\/p>\n\n\n\n<h2 class=\"wp-block-heading\">A import\u00e2ncia das parcerias<\/h2>\n\n\n\n<p>As parcerias estabelecidas entre a escola e institui\u00e7\u00f5es que compartilham valores semelhantes fortalecem o ambiente educativo. Cursos, oficinas, palestras e viv\u00eancias organizadas em colabora\u00e7\u00e3o com centros antropos\u00f3ficos, profissionais de sa\u00fade integrativa e iniciativas culturais ampliam o alcance da pedagogia Waldorf e oferecem suporte \u00e0s fam\u00edlias.<\/p>\n\n\n\n<p>Essas conex\u00f5es ajudam n\u00e3o apenas no crescimento das crian\u00e7as, mas tamb\u00e9m no desenvolvimento dos adultos que as acompanham. Afinal, pais, educadores e cuidadores que se fortalecem em sua jornada pessoal contribuem de maneira mais consciente para o florescimento das crian\u00e7as.<\/p>\n\n\n\n<h2 class=\"wp-block-heading\">Um c\u00edrculo de apoio para toda a fam\u00edlia<\/h2>\n\n\n\n<p>Ao aproximar fam\u00edlias de espa\u00e7os terap\u00eauticos, art\u00edsticos e de forma\u00e7\u00e3o, a escola amplia a rede de apoio. A participa\u00e7\u00e3o em palestras, oficinas e viv\u00eancias n\u00e3o apenas enriquece o repert\u00f3rio dos pais, mas tamb\u00e9m cria oportunidades de conviv\u00eancia, troca de experi\u00eancias e fortalecimento da comunidade escolar.<\/p>\n\n\n\n<p>Esse c\u00edrculo de apoio se torna um verdadeiro amparo no cotidiano: as fam\u00edlias se sentem acolhidas, fortalecidas e mais preparadas para educar a partir de uma vis\u00e3o integral do ser humano.<\/p>\n\n\n\n<h2 class=\"wp-block-heading\">Comunidade como parte da educa\u00e7\u00e3o<\/h2>\n\n\n\n<p>Na educa\u00e7\u00e3o Waldorf, o desenvolvimento da crian\u00e7a acontece em estreita rela\u00e7\u00e3o com o meio em que ela vive. Por isso, a comunidade que se forma ao redor da escola faz parte da experi\u00eancia educativa. \u00c9 nesse encontro de pessoas, valores e iniciativas que as crian\u00e7as percebem o mundo como um lugar de coopera\u00e7\u00e3o, respeito e cuidado.<\/p>\n\n\n\n<h2 class=\"wp-block-heading\">Conclus\u00e3o: educar juntos<\/h2>\n\n\n\n<p>Fortalecer a comunidade escolar \u00e9, em ess\u00eancia, fortalecer a pr\u00f3pria educa\u00e7\u00e3o das crian\u00e7as. Quando escola, fam\u00edlias e institui\u00e7\u00f5es caminham lado a lado, cria-se um ambiente f\u00e9rtil para que cada crian\u00e7a possa se desenvolver plenamente \u2014 cercada de exemplos vivos de solidariedade, apoio m\u00fatuo e aprendizado cont\u00ednuo.<\/p>\n","protected":false},"excerpt":{"rendered":"<p>A escola como um organismo vivo Na vis\u00e3o Waldorf, a escola n\u00e3o \u00e9 apenas um espa\u00e7o de aprendizado formal. Ela \u00e9 compreendida como um organismo vivo, que respira e se transforma a partir das rela\u00e7\u00f5es entre crian\u00e7as, fam\u00edlias, professores e comunidade. Nesse contexto, cada pessoa que se envolve traz algo \u00fanico para o desenvolvimento coletivo. [&hellip;]<\/p>\n","protected":false},"author":2,"featured_media":2601,"comment_status":"closed","ping_status":"open","sticky":false,"template":"","format":"standard","meta":{"site-sidebar-layout":"default","site-content-layout":"","ast-site-content-layout":"default","site-content-style":"default","site-sidebar-style":"default","ast-global-header-display":"","ast-banner-title-visibility":"","ast-main-header-display":"","ast-hfb-above-header-display":"","ast-hfb-below-header-display":"","ast-hfb-mobile-header-display":"","site-post-title":"","ast-breadcrumbs-content":"","ast-featured-img":"","footer-sml-layout":"","ast-disable-related-posts":"","theme-transparent-header-meta":"","adv-header-id-meta":"","stick-header-meta":"","header-above-stick-meta":"","header-main-stick-meta":"","header-below-stick-meta":"","astra-migrate-meta-layouts":"set","ast-page-background-enabled":"default","ast-page-background-meta":{"desktop":{"background-color":"var(--ast-global-color-4)","background-image":"","background-repeat":"repeat","background-position":"center center","background-size":"auto","background-attachment":"scroll","background-type":"","background-media":"","overlay-type":"","overlay-color":"","overlay-opacity":"","overlay-gradient":""},"tablet":{"background-color":"","background-image":"","background-repeat":"repeat","background-position":"center center","background-size":"auto","background-attachment":"scroll","background-type":"","background-media":"","overlay-type":"","overlay-color":"","overlay-opacity":"","overlay-gradient":""},"mobile":{"background-color":"","background-image":"","background-repeat":"repeat","background-position":"center center","background-size":"auto","background-attachment":"scroll","background-type":"","background-media":"","overlay-type":"","overlay-color":"","overlay-opacity":"","overlay-gradient":""}},"ast-content-background-meta":{"desktop":{"background-color":"var(--ast-global-color-5)","background-image":"","background-repeat":"repeat","background-position":"center center","background-size":"auto","background-attachment":"scroll","background-type":"","background-media":"","overlay-type":"","overlay-color":"","overlay-opacity":"","overlay-gradient":""},"tablet":{"background-color":"var(--ast-global-color-5)","background-image":"","background-repeat":"repeat","background-position":"center center","background-size":"auto","background-attachment":"scroll","background-type":"","background-media":"","overlay-type":"","overlay-color":"","overlay-opacity":"","overlay-gradient":""},"mobile":{"background-color":"var(--ast-global-color-5)","background-image":"","background-repeat":"repeat","background-position":"center center","background-size":"auto","background-attachment":"scroll","background-type":"","background-media":"","overlay-type":"","overlay-color":"","overlay-opacity":"","overlay-gradient":""}},"footnotes":""},"categories":[16],"tags":[],"class_list":["post-2600","post","type-post","status-publish","format-standard","has-post-thumbnail","hentry","category-artigos"],"_links":{"self":[{"href":"https:\/\/jardimdasamoras.com.br\/amoras\/wp-json\/wp\/v2\/posts\/2600","targetHints":{"allow":["GET"]}}],"collection":[{"href":"https:\/\/jardimdasamoras.com.br\/amoras\/wp-json\/wp\/v2\/posts"}],"about":[{"href":"https:\/\/jardimdasamoras.com.br\/amoras\/wp-json\/wp\/v2\/types\/post"}],"author":[{"embeddable":true,"href":"https:\/\/jardimdasamoras.com.br\/amoras\/wp-json\/wp\/v2\/users\/2"}],"replies":[{"embeddable":true,"href":"https:\/\/jardimdasamoras.com.br\/amoras\/wp-json\/wp\/v2\/comments?post=2600"}],"version-history":[{"count":1,"href":"https:\/\/jardimdasamoras.com.br\/amoras\/wp-json\/wp\/v2\/posts\/2600\/revisions"}],"predecessor-version":[{"id":2603,"href":"https:\/\/jardimdasamoras.com.br\/amoras\/wp-json\/wp\/v2\/posts\/2600\/revisions\/2603"}],"wp:featuredmedia":[{"embeddable":true,"href":"https:\/\/jardimdasamoras.com.br\/amoras\/wp-json\/wp\/v2\/media\/2601"}],"wp:attachment":[{"href":"https:\/\/jardimdasamoras.com.br\/amoras\/wp-json\/wp\/v2\/media?parent=2600"}],"wp:term":[{"taxonomy":"category","embeddable":true,"href":"https:\/\/jardimdasamoras.com.br\/amoras\/wp-json\/wp\/v2\/categories?post=2600"},{"taxonomy":"post_tag","embeddable":true,"href":"https:\/\/jardimdasamoras.com.br\/amoras\/wp-json\/wp\/v2\/tags?post=2600"}],"curies":[{"name":"wp","href":"https:\/\/api.w.org\/{rel}","templated":true}]}}