{"id":2691,"date":"2026-02-05T18:03:54","date_gmt":"2026-02-05T21:03:54","guid":{"rendered":"https:\/\/jardimdasamoras.com.br\/amoras\/?p=2691"},"modified":"2026-02-05T18:09:26","modified_gmt":"2026-02-05T21:09:26","slug":"alimentacao-nos-primeiros-anos-de-vida","status":"publish","type":"post","link":"https:\/\/jardimdasamoras.com.br\/amoras\/links\/blog\/artigos\/alimentacao-nos-primeiros-anos-de-vida\/","title":{"rendered":"Alimenta\u00e7\u00e3o nos Primeiros Anos de Vida"},"content":{"rendered":"\n<p>A alimenta\u00e7\u00e3o \u00e9 um tema central na vida do ser humano e de grande relev\u00e2ncia na educa\u00e7\u00e3o da crian\u00e7a pequena. \u00c9 atrav\u00e9s dela que recebemos elementos necess\u00e1rios \u00e0 manuten\u00e7\u00e3o de sua exist\u00eancia f\u00edsica no mundo. Apesar disso, constata-se atualmente que este assunto tem sido motivo de grande preocupa\u00e7\u00e3o e ang\u00fastia para pais e educadores que, cada dia mais, precisam lidar com crian\u00e7as inapetentes, com dist\u00farbios f\u00edsicos e emocionais relacionados aos maus h\u00e1bitos alimentares, e com a oferta de produtos inadequados ao bem-estar infantil.<\/p>\n\n\n\n<figure class=\"wp-block-image aligncenter size-full is-resized\"><img fetchpriority=\"high\" decoding=\"async\" width=\"419\" height=\"603\" src=\"https:\/\/jardimdasamoras.com.br\/amoras\/wp-content\/uploads\/2026\/02\/Picture1.jpg\" alt=\"\" class=\"wp-image-2692\" style=\"width:276px;height:auto\" srcset=\"https:\/\/jardimdasamoras.com.br\/amoras\/wp-content\/uploads\/2026\/02\/Picture1.jpg 419w, https:\/\/jardimdasamoras.com.br\/amoras\/wp-content\/uploads\/2026\/02\/Picture1-208x300.jpg 208w\" sizes=\"(max-width: 419px) 100vw, 419px\" \/><\/figure>\n\n\n\n<p>Para auxiliar educadores e fam\u00edlias, o Jardim das Amoras e o Ber\u00e7\u00e1rio Amorinhas colocam \u00e0 disposi\u00e7\u00e3o de todos uma pequena cartilha sobre a alimenta\u00e7\u00e3o dos pequenos, incluindo exemplos de card\u00e1pios utilizados por n\u00f3s no dia a dia da escola.<\/p>\n\n\n\n<p>\u00c9 s\u00f3 clicar <a href=\"https:\/\/jardimdasamoras.com.br\/2022\/05\/19\/Alimentacao_Primeiros_Anos\/Alimentacao_nos_Primeiros_Anos_de_Vida.pdf\">aqui<\/a> para baixar uma c\u00f3pia em PDF.<\/p>\n\n\n\n<p>Agradecemos \u00e0 nutricionista Carolina Viesi que nos auxiliou na produ\u00e7\u00e3o dessa cartilha!<\/p>\n\n\n\n<p><\/p>\n\n\n\n<div class=\"wp-block-columns is-layout-flex wp-container-core-columns-is-layout-28f84493 wp-block-columns-is-layout-flex\"><\/div>\n\n\n\n<p><\/p>\n","protected":false},"excerpt":{"rendered":"<p>A alimenta\u00e7\u00e3o \u00e9 um tema central na vida do ser humano e de grande relev\u00e2ncia na educa\u00e7\u00e3o da crian\u00e7a pequena. \u00c9 atrav\u00e9s dela que recebemos elementos necess\u00e1rios \u00e0 manuten\u00e7\u00e3o de sua exist\u00eancia f\u00edsica no mundo. Apesar disso, constata-se atualmente que este assunto tem sido motivo de grande preocupa\u00e7\u00e3o e ang\u00fastia para pais e educadores que, [&hellip;]<\/p>\n","protected":false},"author":2,"featured_media":2692,"comment_status":"closed","ping_status":"open","sticky":false,"template":"","format":"standard","meta":{"site-sidebar-layout":"default","site-content-layout":"","ast-site-content-layout":"default","site-content-style":"default","site-sidebar-style":"default","ast-global-header-display":"","ast-banner-title-visibility":"","ast-main-header-display":"","ast-hfb-above-header-display":"","ast-hfb-below-header-display":"","ast-hfb-mobile-header-display":"","site-post-title":"","ast-breadcrumbs-content":"","ast-featured-img":"","footer-sml-layout":"","ast-disable-related-posts":"","theme-transparent-header-meta":"","adv-header-id-meta":"","stick-header-meta":"","header-above-stick-meta":"","header-main-stick-meta":"","header-below-stick-meta":"","astra-migrate-meta-layouts":"set","ast-page-background-enabled":"default","ast-page-background-meta":{"desktop":{"background-color":"var(--ast-global-color-4)","background-image":"","background-repeat":"repeat","background-position":"center center","background-size":"auto","background-attachment":"scroll","background-type":"","background-media":"","overlay-type":"","overlay-color":"","overlay-opacity":"","overlay-gradient":""},"tablet":{"background-color":"","background-image":"","background-repeat":"repeat","background-position":"center center","background-size":"auto","background-attachment":"scroll","background-type":"","background-media":"","overlay-type":"","overlay-color":"","overlay-opacity":"","overlay-gradient":""},"mobile":{"background-color":"","background-image":"","background-repeat":"repeat","background-position":"center center","background-size":"auto","background-attachment":"scroll","background-type":"","background-media":"","overlay-type":"","overlay-color":"","overlay-opacity":"","overlay-gradient":""}},"ast-content-background-meta":{"desktop":{"background-color":"var(--ast-global-color-5)","background-image":"","background-repeat":"repeat","background-position":"center center","background-size":"auto","background-attachment":"scroll","background-type":"","background-media":"","overlay-type":"","overlay-color":"","overlay-opacity":"","overlay-gradient":""},"tablet":{"background-color":"var(--ast-global-color-5)","background-image":"","background-repeat":"repeat","background-position":"center center","background-size":"auto","background-attachment":"scroll","background-type":"","background-media":"","overlay-type":"","overlay-color":"","overlay-opacity":"","overlay-gradient":""},"mobile":{"background-color":"var(--ast-global-color-5)","background-image":"","background-repeat":"repeat","background-position":"center center","background-size":"auto","background-attachment":"scroll","background-type":"","background-media":"","overlay-type":"","overlay-color":"","overlay-opacity":"","overlay-gradient":""}},"footnotes":""},"categories":[16],"tags":[],"class_list":["post-2691","post","type-post","status-publish","format-standard","has-post-thumbnail","hentry","category-artigos"],"_links":{"self":[{"href":"https:\/\/jardimdasamoras.com.br\/amoras\/wp-json\/wp\/v2\/posts\/2691","targetHints":{"allow":["GET"]}}],"collection":[{"href":"https:\/\/jardimdasamoras.com.br\/amoras\/wp-json\/wp\/v2\/posts"}],"about":[{"href":"https:\/\/jardimdasamoras.com.br\/amoras\/wp-json\/wp\/v2\/types\/post"}],"author":[{"embeddable":true,"href":"https:\/\/jardimdasamoras.com.br\/amoras\/wp-json\/wp\/v2\/users\/2"}],"replies":[{"embeddable":true,"href":"https:\/\/jardimdasamoras.com.br\/amoras\/wp-json\/wp\/v2\/comments?post=2691"}],"version-history":[{"count":3,"href":"https:\/\/jardimdasamoras.com.br\/amoras\/wp-json\/wp\/v2\/posts\/2691\/revisions"}],"predecessor-version":[{"id":2695,"href":"https:\/\/jardimdasamoras.com.br\/amoras\/wp-json\/wp\/v2\/posts\/2691\/revisions\/2695"}],"wp:featuredmedia":[{"embeddable":true,"href":"https:\/\/jardimdasamoras.com.br\/amoras\/wp-json\/wp\/v2\/media\/2692"}],"wp:attachment":[{"href":"https:\/\/jardimdasamoras.com.br\/amoras\/wp-json\/wp\/v2\/media?parent=2691"}],"wp:term":[{"taxonomy":"category","embeddable":true,"href":"https:\/\/jardimdasamoras.com.br\/amoras\/wp-json\/wp\/v2\/categories?post=2691"},{"taxonomy":"post_tag","embeddable":true,"href":"https:\/\/jardimdasamoras.com.br\/amoras\/wp-json\/wp\/v2\/tags?post=2691"}],"curies":[{"name":"wp","href":"https:\/\/api.w.org\/{rel}","templated":true}]}}